{"id":71575,"date":"2019-12-29T05:30:31","date_gmt":"2019-12-29T10:30:31","guid":{"rendered":"https:\/\/linitiative.ca\/International\/entretien-avec-ahmed-boukous-recteur-de-lircam\/"},"modified":"2019-12-29T05:30:31","modified_gmt":"2019-12-29T10:30:31","slug":"entretien-avec-ahmed-boukous-recteur-de-lircam","status":"publish","type":"post","link":"https:\/\/linitiative.ca\/International\/entretien-avec-ahmed-boukous-recteur-de-lircam\/","title":{"rendered":"Entretien avec Ahmed Boukous, recteur de l\u2019IRCAM"},"content":{"rendered":"<p class=\"has-text-color has-vivid-red-color c2\"><strong>\u00abL\u2019appel de la classe politique \u00e0 reconnaitre Yennayer est une initiative l\u00e9gitime\u00bb<\/strong><\/p>\n<p class=\"c3\">Propos recueillis par <strong>Mohamed Nait Youssef<\/strong><\/p>\n<p class=\"has-text-color has-vivid-cyan-blue-color\"><strong>Yennayer, nouvel an amazigh, c\u00e9l\u00e9br\u00e9 chaque 13 janvier, est une date importante dans le calendrier des Amazighs d\u2019ici et d\u2019ailleurs vue sa dimension symbolique, culturelle et historique.Comme chaque ann\u00e9e, le tissu associatif et les acteurs amazighs ne ratent pas cette occasion pour faire tout d\u2019abord le bilan de la situation de l\u2019amazigh dans les domaines de la vie publique, mais aussi de reconnaitre ce jour comme f\u00eate nationale. Dans cet entretien, le recteur de l\u2019Institut royal de la culture amazighe (IRCAM) dresse le bilan de l\u2019amazigh au titre de l\u2019ann\u00e9e 2019, revient sur l\u2019appel de la classe politique et des acteurs amazighs \u00e0 la reconnaissance de Yennayer comme f\u00eate nationale.<\/strong><\/p>\n<p><strong>Al Bayane\u00a0: La classe politique nationale et les acteurs amazighs appellent \u00e0 reconnaitre Yennayer \u00a0comme f\u00eate nationale. Qu\u2019en pensez-vous?<\/strong><\/p>\n<p><strong>Ahmed Boukouss\u00a0:<\/strong> Je pense que c\u2019est une initiative tout \u00e0 fait louable de la part de la classe politique nationale de consid\u00e9rer les festivit\u00e9s organis\u00e9es annuellement par la soci\u00e9t\u00e9 civile et par certaines institutions. Cel\u00e0 s\u2019inscrit tout \u00e0 fait dans l\u2019esprit de\u00a0l\u2019article 5 qui officialise la langue amazighe aux c\u00f4t\u00e9s de l\u2019arabe. Cet appel est tout \u00e0 fait l\u00e9gitime.<\/p>\n<p>Maintenant, il est temps de le faire puisque nous avons un cadre l\u00e9gal, notamment la loi organique N\u00b026.16 qui explicite les domaines o\u00f9 l\u2019amazighe doit \u00eatre utilis\u00e9, de m\u00eame que des \u00e9ch\u00e9ances pour la mise en \u0153uvre des actions \u00e9nonc\u00e9es dans la loi. Cette action constituera une concr\u00e9tisation et un renforcement de ce qui est pr\u00e9vu par l\u2019article 5 de la Constitution et la loi organique.<\/p>\n<p><strong>La reconnaissance de Yennayer comme f\u00eate nationale\u00a0aura-t-elle des retomb\u00e9es b\u00e9n\u00e9fiques sur la culture marocaine?<\/strong><\/p>\n<p>La c\u00e9l\u00e9bration de la f\u00eate du nouvel an Amazigh serait \u00e9galement une preuve suppl\u00e9mentaire que notre pays s\u2019inscrit parfaitement dans la logique des droits culturels et de la reconnaissance des droits linguistiques. C\u2019est une occasion aussi pour l\u2019ensemble de la population marocaine de f\u00eater un \u00e9v\u00e9nement qui a une signification symbolique qui n\u2019\u00e9chappe \u00e0 personne. Yennayer c\u2019est la c\u00e9l\u00e9bration d\u2019une dimension\u00a0 importante de l\u2019identit\u00e9 nationale et du patrimoine commun au sein des diff\u00e9rentes composantes culturelles de la population marocaine.<\/p>\n<p><strong>Au-del\u00e0 de la c\u00e9l\u00e9bration, quel bilan faites- vous de la situation de l\u2019amazigh en 2019?<\/strong><\/p>\n<p>On peut dire que sur le plan des r\u00e9alisations effectives, nous restons un peu dans la lign\u00e9e de ce qui avait \u00e9t\u00e9 comptabilis\u00e9 en quelque sorte pour l\u2019ann\u00e9e 2018.<\/p>\n<p><strong>En d\u2019autres termes?<\/strong><\/p>\n<p>C\u2019est-\u00e0-dire, une situation qui n\u2019est pas toujours tr\u00e8s reluisante dans l\u2019enseignement et les m\u00e9dias. Nous sommes encore loin de l\u2019objectif de la g\u00e9n\u00e9ralisation de l\u2019enseignement. Nous enregistrons m\u00eame une d\u00e9gradation de la situation\u00a0: le nombre d\u2019\u00e9l\u00e8ves qui apprend l\u2019amazigh a baiss\u00e9, de m\u00eame que le nombre de d\u00e9partements et fili\u00e8res de l\u2019amazigh au niveau de l\u2019universit\u00e9. Sans oublier bien entendu le domaine des m\u00e9dias o\u00f9 les diff\u00e9rentes chaines, en dehors de Tamazight tv8, ne respectent pas les dispositions du cahier des charges. C\u2019est un peu la situation aujourd\u2019hui.<\/p>\n<p><strong>Quid des avanc\u00e9s en mati\u00e8re des lois organiques relatives \u00e0 l\u2019Amazigh?<\/strong><\/p>\n<p>On aborde un autre tournant gr\u00e2ce \u00e0 l\u2019adoption de la loi organique n\u00b0 26.16. C\u2019est une loi qui est prise au s\u00e9rieux aujourd\u2019hui par le gouvernement. Nous pensons que le gouvernement va organiser des consultations aupr\u00e8s des institutions en charge de la promotion de l\u2019amazigh et des autres langues, mais aussi aupr\u00e8s de la soci\u00e9t\u00e9 civile pour expliquer la politique du gouvernement en mati\u00e8re de mise en \u0153uvre des dispositions de la loi en question.<\/p>\n<p><strong>De grands d\u00e9bats voire des pol\u00e9miques et des surench\u00e8res politiques ont accompagn\u00e9 ces lois en question. \u00cates-vous satisfaits de ce r\u00e9sultat?<\/strong><\/p>\n<p>La loi qui est aujourd\u2019hui en discussion est celle relative au projet de la cr\u00e9ation du Conseil national des langues et de la culture marocaine (CNLCM) dont le num\u00e9ro est 16.04. Cette loi a \u00e9t\u00e9 discut\u00e9e au niveau de la Commission de l\u2019enseignement, de la culture et de la communication au niveau de la premi\u00e8re chambre du parlement.<\/p>\n<p>Elle a \u00e9t\u00e9 soumise \u00e0 l\u2019appr\u00e9ciation des parlementaires de la seconde chambre (la chambre des conseillers). Cette derni\u00e8re a \u00e9mis quelques r\u00e9serves et a fait quelques propositions d\u2019amendements. Ces propositions apparemment n\u2019ont \u00e9t\u00e9 pas valid\u00e9es par la premi\u00e8re chambre. Cette derni\u00e8re a demand\u00e9 de nouveau \u00e0 la Chambre des conseillers de donner un avis d\u00e9finitif.<\/p>\n<p>Donc, nous pouvons dire que nous sommes \u00e0 la veille de la soumission du projet devant la chambre constitutionnelle, ce qui sera la derni\u00e8re \u00e9tape.<\/p>\n<p>A l\u2019issue de cette \u00e9tape, le secr\u00e9tariat g\u00e9n\u00e9ral du gouvernement proc\u00e9dera \u00e0 l\u2019usage, c\u2019est-\u00e0-dire publiera le texte de cette loi au journal officiel. A ce moment l\u00e0, elle deviendra effective. Avec ces deux lois,\u00a0\u00e0 savoir la loi sur la mise en \u0153uvre du caract\u00e8re officiel de l\u2019amazigh et la loi qui va cr\u00e9er le CNLCM, que nous attendons depuis longtemps, \u00a0nous allons pouvoir une fois pour toutes relancer un peu la dynamique de la promotion de l\u2019amazighe selon l\u2019esprit de la constitution de 2011.<\/p>\n<p class=\"c3\">Propos recueillis par <strong>Mohamed Youssef<\/strong><\/p>\n<p>Auteur: M&rsquo;hammed rahal<br \/>\n<a href=\"http:\/\/albayane.press.ma\/entretien-avec-ahmed-boukous-recteur-de-lircam.html\">Cliquez ici pour lire l&rsquo;article depuis sa source.<\/a><\/p>\n","protected":false},"excerpt":{"rendered":"<p>\u00abL\u2019appel de la classe politique \u00e0 reconnaitre Yennayer est une initiative l\u00e9gitime\u00bb Propos recueillis par Mohamed Nait Youssef Yennayer, nouvel an amazigh, c\u00e9l\u00e9br\u00e9 chaque 13 janvier, est une date importante dans le calendrier des Amazighs d\u2019ici et d\u2019ailleurs vue sa dimension symbolique, culturelle et historique.Comme chaque ann\u00e9e, le tissu associatif et les acteurs amazighs ne [&hellip;]<\/p>\n","protected":false},"author":1760,"featured_media":0,"comment_status":"closed","ping_status":"closed","sticky":false,"template":"","format":"standard","meta":{"fifu_image_url":"","fifu_image_alt":"","footnotes":""},"categories":[73,54],"tags":[],"class_list":["post-71575","post","type-post","status-publish","format-standard","hentry","category-actualite","category-maroc"],"_links":{"self":[{"href":"https:\/\/linitiative.ca\/International\/wp-json\/wp\/v2\/posts\/71575","targetHints":{"allow":["GET"]}}],"collection":[{"href":"https:\/\/linitiative.ca\/International\/wp-json\/wp\/v2\/posts"}],"about":[{"href":"https:\/\/linitiative.ca\/International\/wp-json\/wp\/v2\/types\/post"}],"author":[{"embeddable":true,"href":"https:\/\/linitiative.ca\/International\/wp-json\/wp\/v2\/users\/1760"}],"replies":[{"embeddable":true,"href":"https:\/\/linitiative.ca\/International\/wp-json\/wp\/v2\/comments?post=71575"}],"version-history":[{"count":0,"href":"https:\/\/linitiative.ca\/International\/wp-json\/wp\/v2\/posts\/71575\/revisions"}],"wp:attachment":[{"href":"https:\/\/linitiative.ca\/International\/wp-json\/wp\/v2\/media?parent=71575"}],"wp:term":[{"taxonomy":"category","embeddable":true,"href":"https:\/\/linitiative.ca\/International\/wp-json\/wp\/v2\/categories?post=71575"},{"taxonomy":"post_tag","embeddable":true,"href":"https:\/\/linitiative.ca\/International\/wp-json\/wp\/v2\/tags?post=71575"}],"curies":[{"name":"wp","href":"https:\/\/api.w.org\/{rel}","templated":true}]}}