{"id":71577,"date":"2019-12-29T05:53:20","date_gmt":"2019-12-29T10:53:20","guid":{"rendered":"https:\/\/linitiative.ca\/International\/burundi-incertitudes-quant-au-4e-mandat-de-nkurunziza\/"},"modified":"2019-12-29T05:53:20","modified_gmt":"2019-12-29T10:53:20","slug":"burundi-incertitudes-quant-au-4e-mandat-de-nkurunziza","status":"publish","type":"post","link":"https:\/\/linitiative.ca\/International\/burundi-incertitudes-quant-au-4e-mandat-de-nkurunziza\/","title":{"rendered":"Burundi: Incertitudes quant au 4e mandat de Nkurunziza\u2026"},"content":{"rendered":"<p class=\"has-text-color has-vivid-cyan-blue-color\"><strong>Soucieux de mettre fin aux all\u00e9gations, de plus en plus persistantes depuis la r\u00e9vision constitutionnelle intervenue, par voie r\u00e9f\u00e9rendaire, en mai dernier et aff\u00e9rentes \u00e0 son d\u00e9sir de se maintenir \u00e0 la t\u00eate du Burundi, Pierre Nkurunziza a d\u00e9clar\u00e9, au cours d\u2019une c\u00e9r\u00e9monie de v\u0153ux \u00e0 l\u2019adresse des corps de la d\u00e9fense, de la s\u00e9curit\u00e9 et du renseignement, dans un discours relay\u00e9 par divers m\u00e9dias locaux, dont la radio d\u2019Etat RTNB, que les rumeurs portant sur sa probable candidature aux \u00e9lections pr\u00e9sidentielles qui, en \u00e9tant coupl\u00e9es aux \u00e9lections l\u00e9gislatives et communales, se tiendront le 20 mai 2020, n\u2019ont \u00abaucun fondement\u00bb, qu\u2019il ne sera \u00abpas candidat\u00bb \u00e0 cette \u00e9lection pr\u00e9sidentielle et que le \u00abparti va pr\u00e9senter un autre militant\u00bb.<\/strong><\/p>\n<p>Il ajoutera m\u00eame que, \u00able moment venu, c\u2019est au Congr\u00e8s national du CNDD-FDD (Conseil National pour la d\u00e9fense de la d\u00e9mocratie \u2013 Forces de d\u00e9fense de la d\u00e9mocratie), la formation politique au pouvoir, de choisir celui qui le repr\u00e9sentera aux pr\u00e9sidentielles de 2020.<\/p>\n<p>\u00abCette f\u00eate est ma derni\u00e8re\u00bb dira-t-il \u00e0 l\u2019assistance, car \u00abl\u2019ann\u00e9e prochaine, \u00e0 la m\u00eame p\u00e9riode, ce n\u2019est pas moi qui prendra la parole (mais) un nouveau chef de l\u2019Etat\u00a0 (alors) multipliez par trois, aupr\u00e8s de mon successeur, l\u2019engagement que vous m\u2019avez manifest\u00e9 au cours de ces 15 derni\u00e8res ann\u00e9es\u00bb.<\/p>\n<p>Ainsi, \u00e0 cinq mois des prochaines \u00e9lections pr\u00e9sidentielles et \u00e0 deux mois du d\u00e9p\u00f4t des candidatures, le chef de l\u2019Etat s\u2019obstine toujours \u00e0 ne point d\u00e9voiler le nom de son \u00abdauphin\u00bb alors m\u00eame que c\u2019est lui-m\u00eame qui, par l\u2019entremise du parti qu\u2019il dirige, contr\u00f4le tous les leviers du pouvoir.<\/p>\n<p>Pour rappel, Pierre Nkurunziza, 54 ans, avait acc\u00e9d\u00e9 \u00e0 la magistrature supr\u00eame du Burundi \u00e0 l\u2019issue des accords de paix d\u2019Arusha d\u2019Ao\u00fbt 2005 qui avaient mis fin \u00e0 la d\u00e9cennie de guerre civile qui avait ravag\u00e9 le pays.<\/p>\n<p>Mais, apr\u00e8s deux mandats successifs de 5 ann\u00e9es chacun, l\u2019int\u00e9ress\u00e9 avait d\u00e9cid\u00e9, en Ao\u00fbt 2015, de briguer un 3<sup>e<\/sup>\u00a0mandat. Cette d\u00e9cision, que l\u2019opposition avait consid\u00e9r\u00e9e comme \u00e9tant ill\u00e9gale, avait replong\u00e9 le pays dans une grave crise s\u00e9curitaire et politique qui, selon l\u2019ONU et diverses organisations de d\u00e9fense des droits de l\u2019Homme, aurait fait plusieurs centaines de morts et pouss\u00e9 \u00e0 l\u2019exil plus de 360.000 personnes.<\/p>\n<p>Aussi, Pancrace Cimpaye, un des dirigeants du Mouvement pour la Solidarit\u00e9 et la D\u00e9mocratie (MSD), opposition, redoute-t-il une r\u00e9\u00e9dition des \u00e9v\u00e8nements de 2015 quand le pr\u00e9sident s\u2019\u00e9tait maintenu au pouvoir pour ne pas se soustraire aux \u00abexigences\u00bb des militants du parti qui \u00e9taient descendus dans la rue afin d\u2019implorer \u00able Guide Supr\u00eame et Permanent Pierre Nkurunziza\u00bb\u00a0de rester \u00e0 la t\u00eate de l\u2019Etat.<\/p>\n<p>Or, pour tout observateur averti, le \u00absilence\u00bb du pr\u00e9sident Pierre Nkurunziza ne r\u00e9sout point la question de sa succession mais, au contraire, soul\u00e8ve de nombreuses interrogations quant \u00e0 l\u2019avenir du pays. Alors attendons pour voir\u2026<\/p>\n<p class=\"c2\"><strong>Nabil El Bousaadi<\/strong><\/p>\n<p>Auteur: M&rsquo;hammed rahal<br \/>\n<a href=\"http:\/\/albayane.press.ma\/burundi-incertitudes-quant-au-4e-mandat-de-nkurunziza.html\">Cliquez ici pour lire l&rsquo;article depuis sa source.<\/a><\/p>\n","protected":false},"excerpt":{"rendered":"<p>Soucieux de mettre fin aux all\u00e9gations, de plus en plus persistantes depuis la r\u00e9vision constitutionnelle intervenue, par voie r\u00e9f\u00e9rendaire, en mai dernier et aff\u00e9rentes \u00e0 son d\u00e9sir de se maintenir \u00e0 la t\u00eate du Burundi, Pierre Nkurunziza a d\u00e9clar\u00e9, au cours d\u2019une c\u00e9r\u00e9monie de v\u0153ux \u00e0 l\u2019adresse des corps de la d\u00e9fense, de la s\u00e9curit\u00e9 [&hellip;]<\/p>\n","protected":false},"author":1760,"featured_media":0,"comment_status":"closed","ping_status":"closed","sticky":false,"template":"","format":"standard","meta":{"fifu_image_url":"","fifu_image_alt":"","footnotes":""},"categories":[73,54],"tags":[],"class_list":["post-71577","post","type-post","status-publish","format-standard","hentry","category-actualite","category-maroc"],"_links":{"self":[{"href":"https:\/\/linitiative.ca\/International\/wp-json\/wp\/v2\/posts\/71577","targetHints":{"allow":["GET"]}}],"collection":[{"href":"https:\/\/linitiative.ca\/International\/wp-json\/wp\/v2\/posts"}],"about":[{"href":"https:\/\/linitiative.ca\/International\/wp-json\/wp\/v2\/types\/post"}],"author":[{"embeddable":true,"href":"https:\/\/linitiative.ca\/International\/wp-json\/wp\/v2\/users\/1760"}],"replies":[{"embeddable":true,"href":"https:\/\/linitiative.ca\/International\/wp-json\/wp\/v2\/comments?post=71577"}],"version-history":[{"count":0,"href":"https:\/\/linitiative.ca\/International\/wp-json\/wp\/v2\/posts\/71577\/revisions"}],"wp:attachment":[{"href":"https:\/\/linitiative.ca\/International\/wp-json\/wp\/v2\/media?parent=71577"}],"wp:term":[{"taxonomy":"category","embeddable":true,"href":"https:\/\/linitiative.ca\/International\/wp-json\/wp\/v2\/categories?post=71577"},{"taxonomy":"post_tag","embeddable":true,"href":"https:\/\/linitiative.ca\/International\/wp-json\/wp\/v2\/tags?post=71577"}],"curies":[{"name":"wp","href":"https:\/\/api.w.org\/{rel}","templated":true}]}}