{"id":71580,"date":"2019-12-29T13:04:04","date_gmt":"2019-12-29T18:04:04","guid":{"rendered":"https:\/\/linitiative.ca\/International\/tizi-ouzou-de-jeunes-talents-font-vibrer-lame-des-melomanes\/"},"modified":"2019-12-29T13:04:04","modified_gmt":"2019-12-29T18:04:04","slug":"tizi-ouzou-de-jeunes-talents-font-vibrer-lame-des-melomanes","status":"publish","type":"post","link":"https:\/\/linitiative.ca\/International\/tizi-ouzou-de-jeunes-talents-font-vibrer-lame-des-melomanes\/","title":{"rendered":"Tizi-Ouzou: de jeunes talents font vibrer l\u2019\u00e2me des m\u00e9lomanes"},"content":{"rendered":"<div readability=\"39\">\n<p><strong>TIZI-OUZOU &#8211; De jeunes talents de la chanson amazighe, laur\u00e9ats de concours et de festivals de la chanson, ont fait vibrer samedi, l\u2019\u00e2me des m\u00e9lomanes pr\u00e9sents \u00e0 la maison de la culture Mouloud Mammeri, \u00e0 l\u2019occasion du spectacle musical \u00ab\u00a0Lumi\u00e8re sur la nouvelle sc\u00e8ne de la chanson amazighe\u00a0\u00bb.<\/strong><\/p>\n<\/div>\n<div readability=\"103.5\">\n<p>Les voix fraiches, puissantes et limpides de Fella Bellali, Aziz Rezgui, Zahwa Mahour, Amroune Achour et Rezki Ouali, qui se sont produits sur la sc\u00e8ne de la salle des spectacles, ont charm\u00e9 le public qui les a fortement applaudit en guise d\u2019encouragement.<\/p>\n<p>\u00ab\u00a0Il y a de la rel\u00e8ve\u00a0\u00bb, a lanc\u00e9 Hayet une jeune enseignante, appuy\u00e9e par un autre spectateur qui a soulign\u00e9 qu\u2019avec des talent et des comp\u00e9tences pareils, des jeunes qui ont de belles voix, et qui font de la chanson \u00e0 texte, la chanson amazighe se porte bien\u00a0\u00bb, a-t-il consid\u00e9r\u00e9.<\/p>\n<p>Ce spectacle organis\u00e9 par l\u2019Agence alg\u00e9rienne pour le rayonnement culturel (AARC) en collaboration avec la direction locale de la culture, a \u00e9t\u00e9 ouvert par une belle et harmonieuse composition d\u2019extraits de chansons de grandes figures de la chanson amazighe disparus, dont Djamila, Cherif Kheddam, Brahim Izri et Taleb Rabah ex\u00e9cut\u00e9e par l\u2019orchestre qui a accompagn\u00e9 les jeunes talents. Une mani\u00e8re de rendre hommage \u00e0 ces grands artistes d\u00e9c\u00e9d\u00e9s.<\/p>\n<p>Le spectacle de ce samedi a \u00e9t\u00e9 inaugur\u00e9 par l\u2019artiste montante \u00e0 la voix porteuse et suave, Fella Bellali, qui a interpr\u00e9t\u00e9 une chanson de Djamila \u00ab\u00a0A yaghilas\u00a0\u00bb et une des chansons \u00ab\u00a0A yemma\u00a0\u00bb. Aziz Rezgui a interpr\u00e9t\u00e9, quant \u00e0 lui,\u00a0 \u00ab\u00a0Tilawin\u00a0\u00bb de Cherif Kheddam et \u00ab\u00a0Arjuyi\u00a0\u00bb de Samy El Djazairi. Tandis que Zahoua Mahour a choisis \u00ab\u00a0Amer Ahssigh\u00a0\u00bb de Djamila et \u00ab\u00a0Sigh el Mesvah\u00a0\u00bb de Nouara. Amroune achour a chant\u00e9 \u00ab\u00a0Adyili rebbi dh\u2019emmi\u00a0\u00bb de Taleb Rabah et \u00ab\u00a0Slaavits ayavahri\u00a0\u00bb de Matoub Lounes, alors que Rezki Ouali a opt\u00e9;\u00a0 pour \u00ab\u00a0Sligh i Yemma\u00a0\u00bb de Cherif Kheddam et \u00ab\u00a0Imdanene\u00a0\u00bb (une de ces chansons).<\/p>\n<blockquote readability=\"8\">\n<p><em><strong>Le spectacle a \u00e9t\u00e9 cl\u00f4tur\u00e9 en beaut\u00e9 par ses jeunes artistes qui ont interpr\u00e9t\u00e9 ensemble la chanson \u00ab\u00a0Amer Ahsigh\u00a0\u00bb de Djamila, devant un public charm\u00e9 qui les a gratifi\u00e9 d\u2019un standing ovation en guise de remerciement et d\u2019encouragement.<\/strong><\/em><\/p>\n<\/blockquote>\n<p>L\u2019\u00e9v\u00e9nement \u00ab\u00a0Lumi\u00e8re sur la nouvelle sc\u00e8ne de la chanson amazighe\u00a0\u00bb se poursuivra demain avec au programme Mokrane Radji, Sihem Stiti, Bilal Mohri, Nassima Ait Ammi, et Sylia Ould Mohand.<\/p>\n<p>Lunid dernier jours de cette manifestation d\u00e9di\u00e9 exclusivement aux jeunes, le spectacle sera anim\u00e9 par Malik Kezoui, Sarah Mahiou, Lounes Chelili, Hamza Zabot et Yasmine Taleb.<\/p>\n<p>Rencontr\u00e9 en marge du spectacle Ouali Rezki a salu\u00e9 cette initiative de l\u2019AARC qui a permis aux jeunes artistes qui s\u2019\u00e9taient rencontr\u00e9s lors des diff\u00e9rents concours de se retrouver et de vivre et partager une nouvelles exp\u00e9rience.<\/p>\n<p>Ce jeune artiste (chanteur et com\u00e9dien) de Larbaa n\u2019Ath Irathen, laur\u00e9at de Alhan wa chabab et du Festival de la chanson chaabi en hommage \u00e0 Kamel Messaoudi (France), a appel\u00e9 \u00e0 la pr\u00e9servation de la chanson d\u2019expression amazighe par les artistes qui doivent produire dans cette langue et par le public qui va lui donner de la valeur par l\u2019int\u00e9r\u00eat qu\u2019il lui portera.<\/p>\n<p>De son c\u00f4t\u00e9 Fella Bellali de Tizi-Ouzou, arriv\u00e9e 4\u00e8me \u00e0 la demis finale de Alhan wa Chabab, a observ\u00e9 que cette initiative de l\u2019AARC est un encouragement pour les jeunes talents et aussi une occasion pour rendre hommage aux grandes figures de la chanson amazighe qui ont l\u00e9gu\u00e9 aux jeunes un riche patrimoine musical.<\/p>\n<\/div>\n<p>Auteur:<br \/>\n<a href=\"http:\/\/www.aps.dz\/culture\/99501-tizi-ouzou-de-jeunes-talents-font-vibrer-l-ame-des-melomanes\">Cliquez ici pour lire l&rsquo;article depuis sa source.<\/a><\/p>\n","protected":false},"excerpt":{"rendered":"<p>TIZI-OUZOU &#8211; De jeunes talents de la chanson amazighe, laur\u00e9ats de concours et de festivals de la chanson, ont fait vibrer samedi, l\u2019\u00e2me des m\u00e9lomanes pr\u00e9sents \u00e0 la maison de la culture Mouloud Mammeri, \u00e0 l\u2019occasion du spectacle musical \u00ab\u00a0Lumi\u00e8re sur la nouvelle sc\u00e8ne de la chanson amazighe\u00a0\u00bb. Les voix fraiches, puissantes et limpides de [&hellip;]<\/p>\n","protected":false},"author":1790,"featured_media":0,"comment_status":"closed","ping_status":"closed","sticky":false,"template":"","format":"standard","meta":{"fifu_image_url":"","fifu_image_alt":"","footnotes":""},"categories":[53,79],"tags":[],"class_list":["post-71580","post","type-post","status-publish","format-standard","hentry","category-algerie","category-culture"],"_links":{"self":[{"href":"https:\/\/linitiative.ca\/International\/wp-json\/wp\/v2\/posts\/71580","targetHints":{"allow":["GET"]}}],"collection":[{"href":"https:\/\/linitiative.ca\/International\/wp-json\/wp\/v2\/posts"}],"about":[{"href":"https:\/\/linitiative.ca\/International\/wp-json\/wp\/v2\/types\/post"}],"author":[{"embeddable":true,"href":"https:\/\/linitiative.ca\/International\/wp-json\/wp\/v2\/users\/1790"}],"replies":[{"embeddable":true,"href":"https:\/\/linitiative.ca\/International\/wp-json\/wp\/v2\/comments?post=71580"}],"version-history":[{"count":0,"href":"https:\/\/linitiative.ca\/International\/wp-json\/wp\/v2\/posts\/71580\/revisions"}],"wp:attachment":[{"href":"https:\/\/linitiative.ca\/International\/wp-json\/wp\/v2\/media?parent=71580"}],"wp:term":[{"taxonomy":"category","embeddable":true,"href":"https:\/\/linitiative.ca\/International\/wp-json\/wp\/v2\/categories?post=71580"},{"taxonomy":"post_tag","embeddable":true,"href":"https:\/\/linitiative.ca\/International\/wp-json\/wp\/v2\/tags?post=71580"}],"curies":[{"name":"wp","href":"https:\/\/api.w.org\/{rel}","templated":true}]}}