{"id":71581,"date":"2019-12-29T13:04:10","date_gmt":"2019-12-29T18:04:10","guid":{"rendered":"https:\/\/linitiative.ca\/International\/devoir-dinformer-les-generations-montantes-des-faits-lies-au-declenchement-de-la-guerre-de-liberation\/"},"modified":"2019-12-29T13:04:10","modified_gmt":"2019-12-29T18:04:10","slug":"devoir-dinformer-les-generations-montantes-des-faits-lies-au-declenchement-de-la-guerre-de-liberation","status":"publish","type":"post","link":"https:\/\/linitiative.ca\/International\/devoir-dinformer-les-generations-montantes-des-faits-lies-au-declenchement-de-la-guerre-de-liberation\/","title":{"rendered":"Devoir d&rsquo;informer les g\u00e9n\u00e9rations montantes des faits li\u00e9s au d\u00e9clenchement de la Guerre de lib\u00e9ration"},"content":{"rendered":"<div readability=\"37\">\n<p><strong>ALGER &#8211; Des enseignants universitaires participants \u00e0 l&rsquo;hommage rendu au militant Sid Ali Abdelhamid, \u00e0 l&rsquo;occasion de la publication de son livre \u00ab\u00a0Ce que j&rsquo;ai v\u00e9cu\u00a0\u00bb, ont mis en avant le devoir d&rsquo;informer les g\u00e9n\u00e9rations montantes des faits et \u00e9v\u00e9nements li\u00e9s au d\u00e9clenchement de la Guerre de lib\u00e9ration nationale eu \u00e9gard \u00e0 \u00ab\u00a0l&rsquo;importance de l&rsquo;Histoire dans la vie de la Nation\u00a0\u00bb.<\/strong><\/p>\n<\/div>\n<div readability=\"94.2725306417\">\n<p>En c\u00e9l\u00e9bration du 98e anniversaire de l&rsquo;auteur de \u00ab\u00a0Ce que j&rsquo;ai v\u00e9cu\u00a0\u00bb, r\u00e9dig\u00e9 en langue fran\u00e7aise publi\u00e9 par les Editions Dahlab, les participants \u00e0 ce rendez-vous organis\u00e9 dans une ambiance livresque \u00e0 la Biblioth\u00e8que nationale alg\u00e9rienne (BNA), ont mis en valeur la personnalit\u00e9 de Sid Ali Abdelhamid, le qualifiant de \u00ab\u00a0rep\u00e8re pour les g\u00e9n\u00e9rations futures\u00a0\u00bb, compte tenu des d\u00e9tails rapport\u00e9s dans son recueil qui met sous les projecteurs une \u00e9tape importante de l&rsquo;histoire de la pr\u00e9-r\u00e9volution alg\u00e9rienne.<\/p>\n<p>Intervenant \u00e0 cette occasion, le chercheur Sa\u00efd Chibane a estim\u00e9 qu&rsquo;il ne suffisait pas de lire les m\u00e9moires des auteurs t\u00e9moins de cette p\u00e9riode, mais de veiller \u00e0 la distribution des contenus afin de les pr\u00e9server, et afin de mettre au clair certains faits et \u00e9carter les ambigu\u00eft\u00e9s\u00a0\u00bb.<\/p>\n<p>Aux yeux de M. Chibane, le Moudjahid Abdelhamid est \u00ab\u00a0connu pour ses positions immuables et rigoureuses, \u00e0 l&rsquo;instar de ses confr\u00e8res, envers plusieurs questions de l&rsquo;\u00e9poque, notamment celles li\u00e9es \u00e0 la \u2018crise identitaire\u2019, et il a sauv\u00e9 l&rsquo;unit\u00e9 du Mouvement national en adoptant une approche tr\u00e8s correcte m\u00eame\u00a0\u00bb.<\/p>\n<hr\/>\n<h3>Lire aussi:\u00a0<a href=\"http:\/\/www.aps.dz\/culture\/97090-algerie-une-autre-histoire-de-l-independance-ou-le-messalisme-vu-autrement\" target=\"_blank\" rel=\"noopener noreferrer\">\u00ab\u00a0Alg\u00e9rie une autre histoire de l&rsquo;ind\u00e9pendance\u00a0\u00bb ou le Messalisme vu autrement<\/a><\/h3>\n<hr\/>\n<p>N\u00e9 en 1921 \u00e0 la Casbah, le militant retrace, \u00e0 travers ces m\u00e9moires, l&rsquo;\u00e9poque o\u00f9 il rejoignit le Mouvement national, le Parti du Peuple alg\u00e9rien (PPA) et le Comit\u00e9 r\u00e9volutionnaire d&rsquo;Unit\u00e9 et d&rsquo;action (CRUA). Il rapporte, par ailleurs, ces souvenirs au lendemain du d\u00e9clenchement de la guerre, o\u00f9 il a \u00e9t\u00e9 d\u00e9tenu \u00e0 plusieurs reprises avant de retrouver ses compagnons d&rsquo;armes et grands militants \u00e0 l&rsquo;instar de Missali Hadj, Abane Ramdane, Hocine Asselah, Hocine A\u00eft Ahmed, Ahmed Bouda, Mohamed Belouizdad et bien d&rsquo;autres. Des personnalit\u00e9s vraisemblablement grav\u00e9es \u00e0 jamais dans la m\u00e9moire de l&rsquo;auteur, car tr\u00e8s pr\u00e9sentes dans la r\u00e9trospective de son autobiographie.<\/p>\n<p>A m\u00e9diter \u00e9galement \u00e0 travers cette \u0153uvre m\u00e9morielle, la crise de 1953 qui avait secou\u00e9 le PPA- MTLD (Mouvement du Triomphe des libert\u00e9s d\u00e9mocratiques), la naissance du CRUA, les principales crises jalonnant la lutte arm\u00e9e, les r\u00f4les avant-gardistes qui ont ponctu\u00e9 les \u00e9tapes de la guerre ou encore la s\u00e9rie des arrestations perp\u00e9tr\u00e9e contre d&rsquo;imminents Moudjahidine.<\/p>\n<p>Fils de la Casbah, l&rsquo;auteur se rem\u00e9more dans le d\u00e9tail les faits historiques qui s&rsquo;\u00e9taient d\u00e9roul\u00e9es dans son quartier alors que la guerre battait son plein, et les r\u00e9unions qui se tenaient en catimini, ce qui a fait de lui, selon l&rsquo;enseignant Hamid Tahri, \u00ab\u00a0une sommit\u00e9 et un pionnier de la lutte, de part son engagement, arm\u00e9 de foi et de sens \u00e9lev\u00e9 de l&rsquo;unit\u00e9, \u00e0 lib\u00e9rer l&rsquo;Alg\u00e9rie de la fatidique et d\u00e9vastatrice occupation fran\u00e7aise\u00a0\u00bb.<\/p>\n<\/div>\n<p>Auteur:<br \/>\n<a href=\"http:\/\/www.aps.dz\/culture\/99506-devoir-d-informer-les-generations-montantes-des-faits-lies-au-declenchement-de-la-guerre-de-liberation\">Cliquez ici pour lire l&rsquo;article depuis sa source.<\/a><\/p>\n","protected":false},"excerpt":{"rendered":"<p>ALGER &#8211; Des enseignants universitaires participants \u00e0 l&rsquo;hommage rendu au militant Sid Ali Abdelhamid, \u00e0 l&rsquo;occasion de la publication de son livre \u00ab\u00a0Ce que j&rsquo;ai v\u00e9cu\u00a0\u00bb, ont mis en avant le devoir d&rsquo;informer les g\u00e9n\u00e9rations montantes des faits et \u00e9v\u00e9nements li\u00e9s au d\u00e9clenchement de la Guerre de lib\u00e9ration nationale eu \u00e9gard \u00e0 \u00ab\u00a0l&rsquo;importance de l&rsquo;Histoire [&hellip;]<\/p>\n","protected":false},"author":1790,"featured_media":0,"comment_status":"closed","ping_status":"closed","sticky":false,"template":"","format":"standard","meta":{"fifu_image_url":"","fifu_image_alt":"","footnotes":""},"categories":[53,79],"tags":[],"class_list":["post-71581","post","type-post","status-publish","format-standard","hentry","category-algerie","category-culture"],"_links":{"self":[{"href":"https:\/\/linitiative.ca\/International\/wp-json\/wp\/v2\/posts\/71581","targetHints":{"allow":["GET"]}}],"collection":[{"href":"https:\/\/linitiative.ca\/International\/wp-json\/wp\/v2\/posts"}],"about":[{"href":"https:\/\/linitiative.ca\/International\/wp-json\/wp\/v2\/types\/post"}],"author":[{"embeddable":true,"href":"https:\/\/linitiative.ca\/International\/wp-json\/wp\/v2\/users\/1790"}],"replies":[{"embeddable":true,"href":"https:\/\/linitiative.ca\/International\/wp-json\/wp\/v2\/comments?post=71581"}],"version-history":[{"count":0,"href":"https:\/\/linitiative.ca\/International\/wp-json\/wp\/v2\/posts\/71581\/revisions"}],"wp:attachment":[{"href":"https:\/\/linitiative.ca\/International\/wp-json\/wp\/v2\/media?parent=71581"}],"wp:term":[{"taxonomy":"category","embeddable":true,"href":"https:\/\/linitiative.ca\/International\/wp-json\/wp\/v2\/categories?post=71581"},{"taxonomy":"post_tag","embeddable":true,"href":"https:\/\/linitiative.ca\/International\/wp-json\/wp\/v2\/tags?post=71581"}],"curies":[{"name":"wp","href":"https:\/\/api.w.org\/{rel}","templated":true}]}}