{"id":71582,"date":"2019-12-29T13:04:14","date_gmt":"2019-12-29T18:04:14","guid":{"rendered":"https:\/\/linitiative.ca\/International\/lumiere-sur-la-nouvelle-scene-de-la-chanson-amazighe-un-rendez-vous-pour-encourager-les-jeunes-talents\/"},"modified":"2019-12-29T13:04:14","modified_gmt":"2019-12-29T18:04:14","slug":"lumiere-sur-la-nouvelle-scene-de-la-chanson-amazighe-un-rendez-vous-pour-encourager-les-jeunes-talents","status":"publish","type":"post","link":"https:\/\/linitiative.ca\/International\/lumiere-sur-la-nouvelle-scene-de-la-chanson-amazighe-un-rendez-vous-pour-encourager-les-jeunes-talents\/","title":{"rendered":"\u00ab\u00a0Lumi\u00e8re sur la nouvelle sc\u00e8ne de la chanson amazighe\u00a0\u00bb, un rendez-vous pour encourager les jeunes talents  \u00a0"},"content":{"rendered":"<div readability=\"38\">\n<p><strong>TIZI-OUZOU- Le spectacle \u00ab\u00a0Lumi\u00e8re sur la nouvelle sc\u00e8ne de la chanson amazighe\u00a0\u00bb qui s\u2019est ouvert samedi a Tizi-Ouzou et sera cl\u00f4tur\u00e9 demain lundi, est l\u2019un des \u00e9v\u00e9nements culturel organis\u00e9 par\u00a0l\u2019Agence alg\u00e9rienne pour le rayonnement culturel en vue d\u2019encourager les jeunes talents au d\u00e9but de la carri\u00e8re artistique, a soulign\u00e9 dimanche, le directeur de cette agence.<\/strong><\/p>\n<\/div>\n<div readability=\"70.5\">\n<p>Abdelkader Bendaamache, a indiqu\u00e9 \u00e0 l\u2019APS, que cette initiative rentre dans un concept g\u00e9n\u00e9ral qui s\u2019est \u00e9tal\u00e9 sur toute l\u2019ann\u00e9e 2019 et qui a consist\u00e9 \u00e0 accompagner et a encourager les jeunes talents dans tous les genres musicaux.<\/p>\n<blockquote readability=\"8\">\n<p><em><strong>\u00ab\u00a0Nous avons \u00e0 ce titre commenc\u00e9 par le Chaabi \u00e0 Alger puis nous sommes pass\u00e9 \u00e0 la chanson Bedoui \u00e0 Mascara et nous cl\u00f4turons l\u2019ann\u00e9e avec ce spectacle d\u00e9di\u00e9 \u00e0 la chanson amazighe \u00e0 Tizi-Ouzou\u00a0\u00bb, a-t-il\u00a0dit.<\/strong><\/em><\/p>\n<\/blockquote>\n<p>Ces trois manifestations sont d\u00e9di\u00e9es exclusivement aux jeunes, car \u00ab\u00a0c\u2019est eux qui vont reprendre le flambeau pour \u00eatre les stras de demain et qui vont v\u00e9hiculer la chanson alg\u00e9rienne et \u00e0 travers elle l\u2019identit\u00e9 et la personnalit\u00e9 alg\u00e9riennes\u00a0\u00bb, a ajout\u00e9 le directeur de l\u2019AARC.<\/p>\n<blockquote readability=\"16\">\n<p><em><strong>Bendaamache a observ\u00e9 que g\u00e9n\u00e9ralement apr\u00e8s l\u2019obtention d\u2019un prix dans un concours ou un festival, ces jeunes \u00e9toiles montantes ne trouve plus rien pour leur servir de tremplin et lancer leur carri\u00e8re, alors l\u2019AARC prend le relais en accompagnant leurs premiers pas dans le monde artistique, a-t-il insist\u00e9.En plus de ces trois manifestations artistiques, l\u2019AARC envisage l\u2019organisation d\u2019autres actions en direction de ces jeunes, a indiqu\u00e9 son premier responsable. \u00ab\u00a0Nous pr\u00e9voyons de les accompagner en leur organisant des tourn\u00e9es, en les aidant \u00e0 produire des albums\u00a0\u00bb, a-t-il pr\u00e9cis\u00e9, en observant qu\u2019il s\u2019agit de \u00ab\u00a0jeunes qui chantent bien car ils ont tous \u00e9t\u00e9 laur\u00e9ats de concours\u00a0\u00bb.<\/strong><\/em><\/p>\n<\/blockquote>\n<p>Pour 2020, l\u2019AARC maintiendra cette pratique en direction des jeunes talents et de promotion de la culture alg\u00e9rienne de mani\u00e8re g\u00e9n\u00e9rale et ce dans toutes les branches artistiques dont le cin\u00e9ma, le th\u00e9\u00e2tre, les arts plastiques, a indiqu\u00e9 M. Bendaamache. A ce programme s\u2019ajoute celui des formations pour l\u2019apprentissage des arts pour enfants \u00e2g\u00e9s entre 8 et 15 ans, a soulign\u00e9 ce m\u00eame responsable.<\/p>\n<blockquote readability=\"10\">\n<p><em><strong>De son c\u00f4t\u00e9 la directrice locale de la culture Nabila Goumeziane, a observ\u00e9 \u00e0 propos du spectacle \u00ab\u00a0Lumi\u00e8re sur la nouvelle sc\u00e8ne de la chanson amazighe\u00a0\u00bb organis\u00e9 avec la contribution l\u2019institution qu\u2019elle dirige, qu\u2019il repr\u00e9sente un encouragement pour les jeunes laur\u00e9ats. \u00ab\u00a0cet \u00e9v\u00e9nement leur offre aussi un espace d\u2019\u00e9change qui est important pour eux qui sont au d\u00e9but de leur carri\u00e8re artistique\u00a0\u00bb.<\/strong><\/em><\/p>\n<\/blockquote>\n<p>En plus des laur\u00e9ats des diff\u00e9rents concours, la direction de la culture pr\u00e9voit par ailleurs d\u2019ouvrir le champ \u00e0 des artistes qui ont du talent mais qui n\u2019ont pas particip\u00e9 \u00e0 des concours, a-t-elle ajout\u00e9.<\/p>\n<\/div>\n<p>Auteur:<br \/>\n<a href=\"http:\/\/www.aps.dz\/culture\/99531-lumiere-sur-la-nouvelle-scene-de-la-chanson-amazighe-un-rendez-vous-pour-encourager-les-jeunes-talents\">Cliquez ici pour lire l&rsquo;article depuis sa source.<\/a><\/p>\n","protected":false},"excerpt":{"rendered":"<p>TIZI-OUZOU- Le spectacle \u00ab\u00a0Lumi\u00e8re sur la nouvelle sc\u00e8ne de la chanson amazighe\u00a0\u00bb qui s\u2019est ouvert samedi a Tizi-Ouzou et sera cl\u00f4tur\u00e9 demain lundi, est l\u2019un des \u00e9v\u00e9nements culturel organis\u00e9 par\u00a0l\u2019Agence alg\u00e9rienne pour le rayonnement culturel en vue d\u2019encourager les jeunes talents au d\u00e9but de la carri\u00e8re artistique, a soulign\u00e9 dimanche, le directeur de cette agence. [&hellip;]<\/p>\n","protected":false},"author":1790,"featured_media":0,"comment_status":"closed","ping_status":"closed","sticky":false,"template":"","format":"standard","meta":{"fifu_image_url":"","fifu_image_alt":"","footnotes":""},"categories":[53,79],"tags":[],"class_list":["post-71582","post","type-post","status-publish","format-standard","hentry","category-algerie","category-culture"],"_links":{"self":[{"href":"https:\/\/linitiative.ca\/International\/wp-json\/wp\/v2\/posts\/71582","targetHints":{"allow":["GET"]}}],"collection":[{"href":"https:\/\/linitiative.ca\/International\/wp-json\/wp\/v2\/posts"}],"about":[{"href":"https:\/\/linitiative.ca\/International\/wp-json\/wp\/v2\/types\/post"}],"author":[{"embeddable":true,"href":"https:\/\/linitiative.ca\/International\/wp-json\/wp\/v2\/users\/1790"}],"replies":[{"embeddable":true,"href":"https:\/\/linitiative.ca\/International\/wp-json\/wp\/v2\/comments?post=71582"}],"version-history":[{"count":0,"href":"https:\/\/linitiative.ca\/International\/wp-json\/wp\/v2\/posts\/71582\/revisions"}],"wp:attachment":[{"href":"https:\/\/linitiative.ca\/International\/wp-json\/wp\/v2\/media?parent=71582"}],"wp:term":[{"taxonomy":"category","embeddable":true,"href":"https:\/\/linitiative.ca\/International\/wp-json\/wp\/v2\/categories?post=71582"},{"taxonomy":"post_tag","embeddable":true,"href":"https:\/\/linitiative.ca\/International\/wp-json\/wp\/v2\/tags?post=71582"}],"curies":[{"name":"wp","href":"https:\/\/api.w.org\/{rel}","templated":true}]}}