{"id":71583,"date":"2019-12-29T05:00:00","date_gmt":"2019-12-29T10:00:00","guid":{"rendered":"https:\/\/linitiative.ca\/International\/abdelaziz-djerad-nomme-premier-ministre\/"},"modified":"2019-12-29T05:00:00","modified_gmt":"2019-12-29T10:00:00","slug":"abdelaziz-djerad-nomme-premier-ministre","status":"publish","type":"post","link":"https:\/\/linitiative.ca\/International\/abdelaziz-djerad-nomme-premier-ministre\/","title":{"rendered":"Abdelaziz Djerad nomm\u00e9 Premier ministre"},"content":{"rendered":"<div id=\"originalText\" readability=\"143\">\n<p><strong>\u201cNous sommes aujourd&rsquo;hui devant un d\u00e9fi majeur qui consiste en le recouvrement de la confiance en notre\u00a0soci\u00e9t\u00e9\u201d, a soulign\u00e9 M. Djerad dans sa premi\u00e8re d\u00e9claration apr\u00e8s sa nomination.\u00a0<\/strong><\/p>\n<p>Le pr\u00e9sident de la R\u00e9publique, Abdelmadjid Tebboune, a nomm\u00e9 hier, soit dix jours apr\u00e8s son investiture dans ses fonctions, Abdelaziz Djerad au poste de Premier ministre. Le successeur de Noureddine Bedoui n\u2019a pas attendu la composition de son gouvernement pour communiquer. Sit\u00f4t d\u00e9sign\u00e9, il a commis sa premi\u00e8re d\u00e9claration dans laquelle il a \u00e9num\u00e9r\u00e9 ses priorit\u00e9s. Il a mis l\u2019accent sur \u201cla n\u00e9cessit\u00e9 de travailler avec l&rsquo;ensemble des comp\u00e9tences nationales, des cadres du pays et des citoyens et citoyennes\u201d en vue de \u201crelever les d\u00e9fis socio\u00e9conomiques et sortir de cette p\u00e9riode d\u00e9licate que traverse notre pays.<\/p>\n<p>Nous\u00a0 sommes\u00a0 aujourd&rsquo;hui\u00a0 devant\u00a0 un\u00a0 d\u00e9fi\u00a0 majeur\u00a0 qui consiste\u00a0 en\u00a0 le recouvrement de la confiance en notre soci\u00e9t\u00e9\u201d, a-t-il soulign\u00e9, tout en se disant confiant que \u201cle programme du pr\u00e9sident de la R\u00e9publique est \u00e0 m\u00eame de nous permettre de travailler dans l&rsquo;int\u00e9r\u00eat supr\u00eame du pays\u201d.Pour d\u00e9signer son Premier ministre, le chef de l\u2019\u00c9tat a d\u00e9cid\u00e9 de rappeler un ancien haut fonctionnaire qui a fait carri\u00e8re dans la haute administration.\u00a0<\/p>\n<p>Ce natif de Khenchela en 1954, Abdelaziz Djerad, a \u00e9t\u00e9 d\u2019abord secr\u00e9taire g\u00e9n\u00e9ral de la pr\u00e9sidence de la R\u00e9publique sous Liamine Zeroual. Par la suite, il servira au minist\u00e8re des Affaires \u00e9trang\u00e8res comme secr\u00e9taire g\u00e9n\u00e9ral du temps o\u00f9 Abdelaziz Belkhadem \u00e9tait chef de la diplomatie. Il fondera l\u2019Institut diplomatique des relations internationales (Idri). Proche d\u2019Ali Benflis, il quittera d\u00e9finitivement les arcanes du pouvoir en 2003. Il paiera pour sa proximit\u00e9 avec l\u2019ancien Premier ministre.\u00a0<\/p>\n<p>Il retournera \u00e0 l\u2019universit\u00e9 pour y enseigner les sciences politiques. \u00c9loign\u00e9 des couloirs dor\u00e9s de la R\u00e9publique, Abdelaziz Djerad gardera cependant une proximit\u00e9 avec le secteur des m\u00e9dias. Il interviendra souvent comme \u201cconsultant politique\u201d et \u00e9crira m\u00eame dans des journaux pour donner son avis sur des faits d\u2019actualit\u00e9. Et s\u2019il s\u2019est \u00e9loign\u00e9 des affaires de l\u2019\u00c9tat, il ne sera jamais un opposant frontal.\u00a0<\/p>\n<p>D\u2019ailleurs, il n\u2019a pas suivi Ali Benflis dans son aventure partisane. M\u00eame lorsque l\u2019opposition mettait en garde contre les cons\u00e9quences d\u2019un quatri\u00e8me mandat pour Abdelaziz Bouteflika, le d\u00e9sormais nouveau Premier ministre estimait, dans une d\u00e9claration m\u00e9diatique, que \u201cpersonne\u201d ne pouvait \u201cemp\u00eacher\u201d le chef de l\u2019\u00c9tat de se repr\u00e9senter. On \u00e9tait loin du hirak. Mais il y avait d\u00e9j\u00e0 des manifestations contre l\u2019\u00e9lection d\u2019avril 2014.\u00a0<\/p>\n<p>Plus que cela, Ali Benflis lui-m\u00eame \u00e9tait candidat \u00e0 cette \u00e9lection et ce dernier \u00e9voquait d\u00e9j\u00e0 des \u201cforces extraconstitutionnelles\u201d qui g\u00e9raient le pays. Avec l\u2019av\u00e8nement du hirak, Abdelaziz Djerad tentera de se rendre. En effet, d\u00e8s les d\u00e9buts du mouvement populaire, il a anim\u00e9 des conf\u00e9rences sur les p\u00e9riodes de transition. Il a donc repris son r\u00f4le d\u2019universitaire. Mais il n\u2019ira pas jusqu\u2019\u00e0 oser une implication ouvertement politique. il demeurera donc discret tout au long du mouvement populaire.\u00a0<\/p>\n<p><strong>Une p\u00e9riode de gr\u00e2ce\u2026<\/strong><br \/>Sur les r\u00e9seaux sociaux, la d\u00e9signation d\u2019Abdelaziz Djerad au poste de Premier ministre est plut\u00f4t bien accueillie. Beaucoup de journalistes, d\u2019universitaires et de politiques se disent optimistes de voir cet universitaire r\u00e9ussir l\u00e0 o\u00f9 ses pr\u00e9d\u00e9cesseurs ont \u00e9chou\u00e9. Car, s\u2019il n\u2019est pas connu comme un proche de l\u2019ancien syst\u00e8me, Abdelaziz Djerad a tout de m\u00eame besoin de redoubler d\u2019efforts pour convaincre les Alg\u00e9riens.<\/p>\n<p>Cela commencera par les actions qu\u2019il entreprendra face \u00e0 la poursuite des marches citoyennes et la revendication des Alg\u00e9riens de voir le syst\u00e8me politique compl\u00e8tement changer. Incarnera-t-il ce changement ? En plus de g\u00e9rer les dossiers \u00e9conomiques et sociaux des plus d\u00e9licats, Abdelaziz Djerad a la lourde t\u00e2che de redorer le blason du pouvoir. Lui qui est d\u00e9sormais charg\u00e9 d\u2019\u00eatre la vitrine d\u2019Abdelmadjid Tebboune devra trouver les mots et les actions qu\u2019il faut pour calmer la col\u00e8re des Alg\u00e9riens.<\/p>\n<p>\u00c0 commencer par la concr\u00e9tisation des promesses du chef de l\u2019\u00c9tat de \u201ctendre la main au hirak\u201d pour tenter de d\u00e9nouer la crise politique que vit le pays depuis plus de 10 mois. \u00c0 c\u00f4t\u00e9 de cela, il devra pr\u00e9parer l\u2019arsenal juridique qui lui permettra de passer \u201c\u00e0 la nouvelle r\u00e9publique\u201d. Outre la r\u00e9vision de la Constitution, qui rel\u00e8ve plut\u00f4t du domaine de comp\u00e9tences du chef de l\u2019\u00c9tat, c\u2019est au gouvernement qu\u2019incombera la t\u00e2che de r\u00e9viser la loi \u00e9lectorale et celle sur les partis politiques.\u00a0<\/p>\n<p>L\u2019\u00e9quipe gouvernementale\u00a0 que\u00a0 coordonnera\u00a0 Abdelaziz\u00a0 Djerad\u00a0 sera normalement compos\u00e9e de nouvelles figures politiques. Abdelmadjid Tebboune avait annonc\u00e9, lors de sa premi\u00e8re conf\u00e9rence de presse qui a suivi son \u00e9lection, que des ministres \u00e2g\u00e9s de \u201c26 \u00e0 27 ans\u201d figureront dans le futur gouvernement.\u00a0 Selon\u00a0 toute\u00a0 vraisemblance,\u00a0 le gouvernement\u00a0 Djerad\u00a0 ne\u00a0 comptera\u00a0 pas beaucoup de ministres partisans.\u00a0<\/p>\n<p>En plus du fait qu\u2019aucun parti politique de l\u2019alliance pr\u00e9sidentielle n\u2019avait soutenu Abdelmadjid Tebboune dans sa qu\u00eate de la pr\u00e9sidence de la R\u00e9publique, ce dernier avait promis de s\u2019appuyer sur les associations et la soci\u00e9t\u00e9 civile pour gouverner le pays dans l\u2019avenir. Mais pourra-t-il se passer des partis politiques qui composent l\u2019essentiel du Parlement actuellement ?<\/p>\n<p class=\"c6\"><strong>Ali Boukhlef<\/strong><\/p>\n<p class=\"c6\">\u00a0<\/p>\n<p class=\"c6\">\u00a0<\/p>\n<p><strong>\u200bQui est Abdelaziz Djerad ?\u00a0<\/strong><\/p>\n<p>Au cours de sa carri\u00e8re, M. Djerad a assum\u00e9 plusieurs responsabilit\u00e9s, notamment conseiller diplomatique \u00e0 la pr\u00e9sidence de la R\u00e9publique\u00a0 (1992-1993) et secr\u00e9taire g\u00e9n\u00e9ral de la pr\u00e9sidence de la R\u00e9publique (1993-1995), avant d&rsquo;occuper le poste de directeur g\u00e9n\u00e9ral de l&rsquo;Agence alg\u00e9rienne de coop\u00e9ration internationale (1996-2000), puis de secr\u00e9taire g\u00e9n\u00e9ral du minist\u00e8re des Affaires \u00e9trang\u00e8res (2001-2003).\u00a0<\/p>\n<p>Auparavant, il avait assum\u00e9 les fonctions de directeur de l&rsquo;\u00c9cole nationale d&rsquo;administration (1989-1992). M. Djerad est dipl\u00f4m\u00e9 de l&rsquo;Institut des sciences politiques et des relations internationales d&rsquo;Alger (1976) et titulaire d&rsquo;un doctorat d&rsquo;\u00c9tat en sciences politiques de l&rsquo;Universit\u00e9 de Paris (1981).\u00a0\u00a0Professeur des universit\u00e9s depuis 1992, il a enseign\u00e9 dans plusieurs \u00e9tablissements universitaires en Alg\u00e9rie et \u00e0 l&rsquo;\u00e9tranger. N\u00e9 \u00e0 Khenchela le 12 f\u00e9vrier 1954, M. Djerad est mari\u00e9 et p\u00e8re de 4 enfants.<\/p>\n<p>\u00a0<\/p>\n<\/div>\n<div id=\"text_core\" readability=\"143\">\n<p><strong>\u201cNous sommes aujourd&rsquo;hui devant un d\u00e9fi majeur qui consiste en le recouvrement de la confiance en notre\u00a0soci\u00e9t\u00e9\u201d, a soulign\u00e9 M. Djerad dans sa premi\u00e8re d\u00e9claration apr\u00e8s sa nomination.\u00a0<\/strong><\/p>\n<p>Le pr\u00e9sident de la R\u00e9publique, Abdelmadjid Tebboune, a nomm\u00e9 hier, soit dix jours apr\u00e8s son investiture dans ses fonctions, Abdelaziz Djerad au poste de Premier ministre. Le successeur de Noureddine Bedoui n\u2019a pas attendu la composition de son gouvernement pour communiquer. Sit\u00f4t d\u00e9sign\u00e9, il a commis sa premi\u00e8re d\u00e9claration dans laquelle il a \u00e9num\u00e9r\u00e9 ses priorit\u00e9s. Il a mis l\u2019accent sur \u201cla n\u00e9cessit\u00e9 de travailler avec l&rsquo;ensemble des comp\u00e9tences nationales, des cadres du pays et des citoyens et citoyennes\u201d en vue de \u201crelever les d\u00e9fis socio\u00e9conomiques et sortir de cette p\u00e9riode d\u00e9licate que traverse notre pays.<\/p>\n<p>Nous\u00a0 sommes\u00a0 aujourd&rsquo;hui\u00a0 devant\u00a0 un\u00a0 d\u00e9fi\u00a0 majeur\u00a0 qui consiste\u00a0 en\u00a0 le recouvrement de la confiance en notre soci\u00e9t\u00e9\u201d, a-t-il soulign\u00e9, tout en se disant confiant que \u201cle programme du pr\u00e9sident de la R\u00e9publique est \u00e0 m\u00eame de nous permettre de travailler dans l&rsquo;int\u00e9r\u00eat supr\u00eame du pays\u201d.Pour d\u00e9signer son Premier ministre, le chef de l\u2019\u00c9tat a d\u00e9cid\u00e9 de rappeler un ancien haut fonctionnaire qui a fait carri\u00e8re dans la haute administration.\u00a0<\/p>\n<p>Ce natif de Khenchela en 1954, Abdelaziz Djerad, a \u00e9t\u00e9 d\u2019abord secr\u00e9taire g\u00e9n\u00e9ral de la pr\u00e9sidence de la R\u00e9publique sous Liamine Zeroual. Par la suite, il servira au minist\u00e8re des Affaires \u00e9trang\u00e8res comme secr\u00e9taire g\u00e9n\u00e9ral du temps o\u00f9 Abdelaziz Belkhadem \u00e9tait chef de la diplomatie. Il fondera l\u2019Institut diplomatique des relations internationales (Idri). Proche d\u2019Ali Benflis, il quittera d\u00e9finitivement les arcanes du pouvoir en 2003. Il paiera pour sa proximit\u00e9 avec l\u2019ancien Premier ministre.\u00a0<\/p>\n<p>Il retournera \u00e0 l\u2019universit\u00e9 pour y enseigner les sciences politiques. \u00c9loign\u00e9 des couloirs dor\u00e9s de la R\u00e9publique, Abdelaziz Djerad gardera cependant une proximit\u00e9 avec le secteur des m\u00e9dias. Il interviendra souvent comme \u201cconsultant politique\u201d et \u00e9crira m\u00eame dans des journaux pour donner son avis sur des faits d\u2019actualit\u00e9. Et s\u2019il s\u2019est \u00e9loign\u00e9 des affaires de l\u2019\u00c9tat, il ne sera jamais un opposant frontal.\u00a0<\/p>\n<p>D\u2019ailleurs, il n\u2019a pas suivi Ali Benflis dans son aventure partisane. M\u00eame lorsque l\u2019opposition mettait en garde contre les cons\u00e9quences d\u2019un quatri\u00e8me mandat pour Abdelaziz Bouteflika, le d\u00e9sormais nouveau Premier ministre estimait, dans une d\u00e9claration m\u00e9diatique, que \u201cpersonne\u201d ne pouvait \u201cemp\u00eacher\u201d le chef de l\u2019\u00c9tat de se repr\u00e9senter. On \u00e9tait loin du hirak. Mais il y avait d\u00e9j\u00e0 des manifestations contre l\u2019\u00e9lection d\u2019avril 2014.\u00a0<\/p>\n<p>Plus que cela, Ali Benflis lui-m\u00eame \u00e9tait candidat \u00e0 cette \u00e9lection et ce dernier \u00e9voquait d\u00e9j\u00e0 des \u201cforces extraconstitutionnelles\u201d qui g\u00e9raient le pays. Avec l\u2019av\u00e8nement du hirak, Abdelaziz Djerad tentera de se rendre. En effet, d\u00e8s les d\u00e9buts du mouvement populaire, il a anim\u00e9 des conf\u00e9rences sur les p\u00e9riodes de transition. Il a donc repris son r\u00f4le d\u2019universitaire. Mais il n\u2019ira pas jusqu\u2019\u00e0 oser une implication ouvertement politique. il demeurera donc discret tout au long du mouvement populaire.\u00a0<\/p>\n<p><strong>Une p\u00e9riode de gr\u00e2ce\u2026<\/strong><br \/>Sur les r\u00e9seaux sociaux, la d\u00e9signation d\u2019Abdelaziz Djerad au poste de Premier ministre est plut\u00f4t bien accueillie. Beaucoup de journalistes, d\u2019universitaires et de politiques se disent optimistes de voir cet universitaire r\u00e9ussir l\u00e0 o\u00f9 ses pr\u00e9d\u00e9cesseurs ont \u00e9chou\u00e9. Car, s\u2019il n\u2019est pas connu comme un proche de l\u2019ancien syst\u00e8me, Abdelaziz Djerad a tout de m\u00eame besoin de redoubler d\u2019efforts pour convaincre les Alg\u00e9riens.<\/p>\n<p>Cela commencera par les actions qu\u2019il entreprendra face \u00e0 la poursuite des marches citoyennes et la revendication des Alg\u00e9riens de voir le syst\u00e8me politique compl\u00e8tement changer. Incarnera-t-il ce changement ? En plus de g\u00e9rer les dossiers \u00e9conomiques et sociaux des plus d\u00e9licats, Abdelaziz Djerad a la lourde t\u00e2che de redorer le blason du pouvoir. Lui qui est d\u00e9sormais charg\u00e9 d\u2019\u00eatre la vitrine d\u2019Abdelmadjid Tebboune devra trouver les mots et les actions qu\u2019il faut pour calmer la col\u00e8re des Alg\u00e9riens.<\/p>\n<p>\u00c0 commencer par la concr\u00e9tisation des promesses du chef de l\u2019\u00c9tat de \u201ctendre la main au hirak\u201d pour tenter de d\u00e9nouer la crise politique que vit le pays depuis plus de 10 mois. \u00c0 c\u00f4t\u00e9 de cela, il devra pr\u00e9parer l\u2019arsenal juridique qui lui permettra de passer \u201c\u00e0 la nouvelle r\u00e9publique\u201d. Outre la r\u00e9vision de la Constitution, qui rel\u00e8ve plut\u00f4t du domaine de comp\u00e9tences du chef de l\u2019\u00c9tat, c\u2019est au gouvernement qu\u2019incombera la t\u00e2che de r\u00e9viser la loi \u00e9lectorale et celle sur les partis politiques.\u00a0<\/p>\n<p>L\u2019\u00e9quipe gouvernementale\u00a0 que\u00a0 coordonnera\u00a0 Abdelaziz\u00a0 Djerad\u00a0 sera normalement compos\u00e9e de nouvelles figures politiques. Abdelmadjid Tebboune avait annonc\u00e9, lors de sa premi\u00e8re conf\u00e9rence de presse qui a suivi son \u00e9lection, que des ministres \u00e2g\u00e9s de \u201c26 \u00e0 27 ans\u201d figureront dans le futur gouvernement.\u00a0 Selon\u00a0 toute\u00a0 vraisemblance,\u00a0 le gouvernement\u00a0 Djerad\u00a0 ne\u00a0 comptera\u00a0 pas beaucoup de ministres partisans.\u00a0<\/p>\n<p>En plus du fait qu\u2019aucun parti politique de l\u2019alliance pr\u00e9sidentielle n\u2019avait soutenu Abdelmadjid Tebboune dans sa qu\u00eate de la pr\u00e9sidence de la R\u00e9publique, ce dernier avait promis de s\u2019appuyer sur les associations et la soci\u00e9t\u00e9 civile pour gouverner le pays dans l\u2019avenir. Mais pourra-t-il se passer des partis politiques qui composent l\u2019essentiel du Parlement actuellement ?<\/p>\n<p class=\"c6\"><strong>Ali Boukhlef<\/strong><\/p>\n<p class=\"c6\">\u00a0<\/p>\n<p class=\"c6\">\u00a0<\/p>\n<p><strong>\u200bQui est Abdelaziz Djerad ?\u00a0<\/strong><\/p>\n<p>Au cours de sa carri\u00e8re, M. Djerad a assum\u00e9 plusieurs responsabilit\u00e9s, notamment conseiller diplomatique \u00e0 la pr\u00e9sidence de la R\u00e9publique\u00a0 (1992-1993) et secr\u00e9taire g\u00e9n\u00e9ral de la pr\u00e9sidence de la R\u00e9publique (1993-1995), avant d&rsquo;occuper le poste de directeur g\u00e9n\u00e9ral de l&rsquo;Agence alg\u00e9rienne de coop\u00e9ration internationale (1996-2000), puis de secr\u00e9taire g\u00e9n\u00e9ral du minist\u00e8re des Affaires \u00e9trang\u00e8res (2001-2003).\u00a0<\/p>\n<p>Auparavant, il avait assum\u00e9 les fonctions de directeur de l&rsquo;\u00c9cole nationale d&rsquo;administration (1989-1992). M. Djerad est dipl\u00f4m\u00e9 de l&rsquo;Institut des sciences politiques et des relations internationales d&rsquo;Alger (1976) et titulaire d&rsquo;un doctorat d&rsquo;\u00c9tat en sciences politiques de l&rsquo;Universit\u00e9 de Paris (1981).\u00a0\u00a0Professeur des universit\u00e9s depuis 1992, il a enseign\u00e9 dans plusieurs \u00e9tablissements universitaires en Alg\u00e9rie et \u00e0 l&rsquo;\u00e9tranger. N\u00e9 \u00e0 Khenchela le 12 f\u00e9vrier 1954, M. Djerad est mari\u00e9 et p\u00e8re de 4 enfants.<\/p>\n<p>\u00a0<\/p>\n<\/div>\n<p>Auteur:<br \/>\n<a href=\"https:\/\/www.liberte-algerie.com\/actualite\/abdelaziz-djerad-nomme-premier-ministre-331011\">Cliquez ici pour lire l&rsquo;article depuis sa source.<\/a><\/p>\n","protected":false},"excerpt":{"rendered":"<p>\u201cNous sommes aujourd&rsquo;hui devant un d\u00e9fi majeur qui consiste en le recouvrement de la confiance en notre\u00a0soci\u00e9t\u00e9\u201d, a soulign\u00e9 M. Djerad dans sa premi\u00e8re d\u00e9claration apr\u00e8s sa nomination.\u00a0 Le pr\u00e9sident de la R\u00e9publique, Abdelmadjid Tebboune, a nomm\u00e9 hier, soit dix jours apr\u00e8s son investiture dans ses fonctions, Abdelaziz Djerad au poste de Premier ministre. Le [&hellip;]<\/p>\n","protected":false},"author":1742,"featured_media":0,"comment_status":"closed","ping_status":"closed","sticky":false,"template":"","format":"standard","meta":{"fifu_image_url":"","fifu_image_alt":"","footnotes":""},"categories":[73,53],"tags":[],"class_list":["post-71583","post","type-post","status-publish","format-standard","hentry","category-actualite","category-algerie"],"_links":{"self":[{"href":"https:\/\/linitiative.ca\/International\/wp-json\/wp\/v2\/posts\/71583","targetHints":{"allow":["GET"]}}],"collection":[{"href":"https:\/\/linitiative.ca\/International\/wp-json\/wp\/v2\/posts"}],"about":[{"href":"https:\/\/linitiative.ca\/International\/wp-json\/wp\/v2\/types\/post"}],"author":[{"embeddable":true,"href":"https:\/\/linitiative.ca\/International\/wp-json\/wp\/v2\/users\/1742"}],"replies":[{"embeddable":true,"href":"https:\/\/linitiative.ca\/International\/wp-json\/wp\/v2\/comments?post=71583"}],"version-history":[{"count":0,"href":"https:\/\/linitiative.ca\/International\/wp-json\/wp\/v2\/posts\/71583\/revisions"}],"wp:attachment":[{"href":"https:\/\/linitiative.ca\/International\/wp-json\/wp\/v2\/media?parent=71583"}],"wp:term":[{"taxonomy":"category","embeddable":true,"href":"https:\/\/linitiative.ca\/International\/wp-json\/wp\/v2\/categories?post=71583"},{"taxonomy":"post_tag","embeddable":true,"href":"https:\/\/linitiative.ca\/International\/wp-json\/wp\/v2\/tags?post=71583"}],"curies":[{"name":"wp","href":"https:\/\/api.w.org\/{rel}","templated":true}]}}