{"id":71584,"date":"2019-12-29T05:00:00","date_gmt":"2019-12-29T10:00:00","guid":{"rendered":"https:\/\/linitiative.ca\/International\/tebboune-rehabilite-les-canaux-traditionnels\/"},"modified":"2019-12-29T05:00:00","modified_gmt":"2019-12-29T10:00:00","slug":"tebboune-rehabilite-les-canaux-traditionnels","status":"publish","type":"post","link":"https:\/\/linitiative.ca\/International\/tebboune-rehabilite-les-canaux-traditionnels\/","title":{"rendered":"Tebboune r\u00e9habilite les canaux traditionnels"},"content":{"rendered":"<div id=\"originalText\" readability=\"65\">\n<p>L\u2019annonce, hier samedi, de la nomination du nouveau Premier ministre, Abdelaziz Djerad, par des cha\u00eenes de TV priv\u00e9es connues pour leur proximit\u00e9 avec des centres de d\u00e9cision au pouvoir, alors que le communiqu\u00e9 officiel de la pr\u00e9sidence de la R\u00e9publique n\u2019avait pas encore \u00e9t\u00e9 r\u00e9percut\u00e9 par l\u2019APS, a visiblement incommod\u00e9 au plus haut point au Palais d\u2019El-Mouradia.\u00a0<\/p>\n<p>Et pour cause, un communiqu\u00e9 de la Direction de la presse et de la communication de la pr\u00e9sidence de la R\u00e9publique a \u00e9t\u00e9 diffus\u00e9, hier soir, pour pr\u00e9ciser que \u201cl&rsquo;information officielle est rendue publique \u00e0 travers des communiqu\u00e9s de la pr\u00e9sidence de la R\u00e9publique publi\u00e9s par l&rsquo;agence Alg\u00e9rie presse service (APS) et que toute information rapport\u00e9e en dehors de ce canal est \u00e0 classer dans la case de propagande et de d\u00e9sinformation\u201d.<\/p>\n<p>Dans ce communiqu\u00e9, relay\u00e9 par l\u2019APS, la pr\u00e9sidence de la R\u00e9publique indique que \u201cles informations diffus\u00e9es \u00e0 travers tout m\u00e9dia ou plateforme de communication au titre de scoop ou dans le but de faire accroire \u00e0 l&rsquo;opinion publique \u00e0 une proximit\u00e9 de la source d&rsquo;information sans respect des lois de la R\u00e9publique et des r\u00e8gles de la d\u00e9ontologie exposeront leurs auteurs aux peines pr\u00e9vues par les lois de la R\u00e9publique\u201d.\u00a0<\/p>\n<p>Il est \u00e0 rappeler qu\u2019Abdelmadjid Tebboune lui-m\u00eame avait fait l\u2019objet, pendant l\u2019\u00e9t\u00e9 2017, d\u2019une rude campagne m\u00e9diatique men\u00e9e par des cha\u00eenes de TV priv\u00e9es autrefois proches de forces extraconstitutionnelles, et qui a abouti \u00e0 son limogeage du poste de Premier ministre.\u00a0Ce sont d\u2019ailleurs ces m\u00eames cha\u00eenes de TV qui avaient annonc\u00e9 la nouvelle, avant m\u00eame qu\u2019un communiqu\u00e9 de la pr\u00e9sidence de la R\u00e9publique ne soit diffus\u00e9.\u00a0<br \/>\u00a0<\/p>\n<p class=\"c6\"><strong>Mehdi Mehenni<\/strong><\/p>\n<\/div>\n<div id=\"text_core\" readability=\"65\">\n<p>L\u2019annonce, hier samedi, de la nomination du nouveau Premier ministre, Abdelaziz Djerad, par des cha\u00eenes de TV priv\u00e9es connues pour leur proximit\u00e9 avec des centres de d\u00e9cision au pouvoir, alors que le communiqu\u00e9 officiel de la pr\u00e9sidence de la R\u00e9publique n\u2019avait pas encore \u00e9t\u00e9 r\u00e9percut\u00e9 par l\u2019APS, a visiblement incommod\u00e9 au plus haut point au Palais d\u2019El-Mouradia.\u00a0<\/p>\n<p>Et pour cause, un communiqu\u00e9 de la Direction de la presse et de la communication de la pr\u00e9sidence de la R\u00e9publique a \u00e9t\u00e9 diffus\u00e9, hier soir, pour pr\u00e9ciser que \u201cl&rsquo;information officielle est rendue publique \u00e0 travers des communiqu\u00e9s de la pr\u00e9sidence de la R\u00e9publique publi\u00e9s par l&rsquo;agence Alg\u00e9rie presse service (APS) et que toute information rapport\u00e9e en dehors de ce canal est \u00e0 classer dans la case de propagande et de d\u00e9sinformation\u201d.<\/p>\n<p>Dans ce communiqu\u00e9, relay\u00e9 par l\u2019APS, la pr\u00e9sidence de la R\u00e9publique indique que \u201cles informations diffus\u00e9es \u00e0 travers tout m\u00e9dia ou plateforme de communication au titre de scoop ou dans le but de faire accroire \u00e0 l&rsquo;opinion publique \u00e0 une proximit\u00e9 de la source d&rsquo;information sans respect des lois de la R\u00e9publique et des r\u00e8gles de la d\u00e9ontologie exposeront leurs auteurs aux peines pr\u00e9vues par les lois de la R\u00e9publique\u201d.\u00a0<\/p>\n<p>Il est \u00e0 rappeler qu\u2019Abdelmadjid Tebboune lui-m\u00eame avait fait l\u2019objet, pendant l\u2019\u00e9t\u00e9 2017, d\u2019une rude campagne m\u00e9diatique men\u00e9e par des cha\u00eenes de TV priv\u00e9es autrefois proches de forces extraconstitutionnelles, et qui a abouti \u00e0 son limogeage du poste de Premier ministre.\u00a0Ce sont d\u2019ailleurs ces m\u00eames cha\u00eenes de TV qui avaient annonc\u00e9 la nouvelle, avant m\u00eame qu\u2019un communiqu\u00e9 de la pr\u00e9sidence de la R\u00e9publique ne soit diffus\u00e9.\u00a0<br \/>\u00a0<\/p>\n<p class=\"c6\"><strong>Mehdi Mehenni<\/strong><\/p>\n<\/div>\n<p>Auteur:<br \/>\n<a href=\"https:\/\/www.liberte-algerie.com\/actualite\/tebboune-rehabilite-les-canaux-traditionnels-331010\">Cliquez ici pour lire l&rsquo;article depuis sa source.<\/a><\/p>\n","protected":false},"excerpt":{"rendered":"<p>L\u2019annonce, hier samedi, de la nomination du nouveau Premier ministre, Abdelaziz Djerad, par des cha\u00eenes de TV priv\u00e9es connues pour leur proximit\u00e9 avec des centres de d\u00e9cision au pouvoir, alors que le communiqu\u00e9 officiel de la pr\u00e9sidence de la R\u00e9publique n\u2019avait pas encore \u00e9t\u00e9 r\u00e9percut\u00e9 par l\u2019APS, a visiblement incommod\u00e9 au plus haut point au [&hellip;]<\/p>\n","protected":false},"author":1742,"featured_media":0,"comment_status":"closed","ping_status":"closed","sticky":false,"template":"","format":"standard","meta":{"fifu_image_url":"","fifu_image_alt":"","footnotes":""},"categories":[73,53],"tags":[],"class_list":["post-71584","post","type-post","status-publish","format-standard","hentry","category-actualite","category-algerie"],"_links":{"self":[{"href":"https:\/\/linitiative.ca\/International\/wp-json\/wp\/v2\/posts\/71584","targetHints":{"allow":["GET"]}}],"collection":[{"href":"https:\/\/linitiative.ca\/International\/wp-json\/wp\/v2\/posts"}],"about":[{"href":"https:\/\/linitiative.ca\/International\/wp-json\/wp\/v2\/types\/post"}],"author":[{"embeddable":true,"href":"https:\/\/linitiative.ca\/International\/wp-json\/wp\/v2\/users\/1742"}],"replies":[{"embeddable":true,"href":"https:\/\/linitiative.ca\/International\/wp-json\/wp\/v2\/comments?post=71584"}],"version-history":[{"count":0,"href":"https:\/\/linitiative.ca\/International\/wp-json\/wp\/v2\/posts\/71584\/revisions"}],"wp:attachment":[{"href":"https:\/\/linitiative.ca\/International\/wp-json\/wp\/v2\/media?parent=71584"}],"wp:term":[{"taxonomy":"category","embeddable":true,"href":"https:\/\/linitiative.ca\/International\/wp-json\/wp\/v2\/categories?post=71584"},{"taxonomy":"post_tag","embeddable":true,"href":"https:\/\/linitiative.ca\/International\/wp-json\/wp\/v2\/tags?post=71584"}],"curies":[{"name":"wp","href":"https:\/\/api.w.org\/{rel}","templated":true}]}}