{"id":71586,"date":"2019-12-29T05:00:00","date_gmt":"2019-12-29T10:00:00","guid":{"rendered":"https:\/\/linitiative.ca\/International\/la-responsabilite-des-autorites-securitaires-et-administratives-en-question\/"},"modified":"2019-12-29T05:00:00","modified_gmt":"2019-12-29T10:00:00","slug":"la-responsabilite-des-autorites-securitaires-et-administratives-en-question","status":"publish","type":"post","link":"https:\/\/linitiative.ca\/International\/la-responsabilite-des-autorites-securitaires-et-administratives-en-question\/","title":{"rendered":"La responsabilit\u00e9 des autorit\u00e9s s\u00e9curitaires et administratives en question"},"content":{"rendered":"<div id=\"originalText\" readability=\"93\">\n<p>Grave ce qui vient de se passer en ce vendredi 45 du hirak \u00e0 Oran avec la multiplication des agressions physiques et verbales des bandes de jeunes dont certains \u00e9taient sous l\u2019emprise \u00e9vidente de drogue. La d\u00e9ferlante haineuse qui a accompagn\u00e9 les manifestants, hommes, femmes et enfants, tout au long de leur itin\u00e9raire t\u00e9moigne de la gravit\u00e9 des d\u00e9rapages qui se sont produits.<\/p>\n<p>\u201cCes sc\u00e8nes d&rsquo;agressions et de provocations avec insultes et injures prof\u00e9r\u00e9es contre les citoyens et les citoyennes d\u2019Oran se sont produites tout au long de la marche de ce vendredi, sans que les forces de l&rsquo;ordre interviennent, elles \u00e9taient d&rsquo;ailleurs absentes, pour prot\u00e9ger les citoyens pacifistes\u201d, rapporte le communiqu\u00e9 du bureau d\u2019Oran de la Laddh, rendu public le m\u00eame jour.<\/p>\n<p>Le ton \u00e9tait donn\u00e9 \u00e0 l\u2019heure de la marche avec des baltaguia qui se sont plac\u00e9s de part et d\u2019autre de la rue d\u2019Arzew pour houspiller les hirakistes avant de les prendre \u00e0 revers en amont du cin\u00e9ma R\u00e9gent, chargeant dans le tas et tentant d\u2019arracher embl\u00e8mes nationaux et pancartes brandis par les manifestants.<\/p>\n<p>Des coups de poing et de pied fusent et des hirakistes se retrouvant isol\u00e9s, sont agress\u00e9s.\u00a0 \u201cCes bandes de baltaguia ont pu ais\u00e9ment, en plusieurs endroits du parcours des hirakistes pacifiques, les agresser, frappant et insultant tous ceux qui se trouvaient \u00e0 leur port\u00e9e. Un p\u00e8re de famille a \u00e9t\u00e9 frapp\u00e9 \u00e0 la t\u00eate ainsi que sa petite fille qu&rsquo;il avait dans les bras\u201d, d\u00e9nonce la m\u00eame source.\u00a0<\/p>\n<p>Le calvaire ne faisait que commencer et des bandes d\u2019adolescents surexcit\u00e9s, r\u00e9pondant visiblement \u00e0 des directives d\u2019adultes pr\u00e9sents en\u00a0 tant qu\u2019observateurs, reviennent \u00e0 la charge \u00e0 la place des Victoires, affluant des ruelles Saint-Pierre. Des jets de pierres et de p\u00e9tards au milieu de la foule depuis l\u2019\u00e9chafaudage mis en place pour la restauration d\u2019immeubles au niveau des Arcades ont contribu\u00e9 \u00e0 ces moments de panique particuli\u00e8rement chez les femmes.<\/p>\n<p>Si les sc\u00e8nes de violence ont \u00e9t\u00e9 le leitmotiv de cette journ\u00e9e, ce sont en revanche les vid\u00e9os qui ont circul\u00e9 sur les r\u00e9seaux sociaux qui font froid dans le dos tant ce sentiment d\u2019impunit\u00e9 de ces agresseurs les pousse \u00e0 se filmer \u00e0 visage d\u00e9couvert. La vid\u00e9o d\u2019un baltagui connu \u00e0 Oran suscite, elle aussi, l\u2019indignation puisqu\u2019on le voit menacer d\u2019\u00e9gorger les manifestants au vu et au su de plusieurs policiers.<\/p>\n<p>Face \u00e0\u00a0 ce qui s\u2019est\u00a0 pass\u00e9\u00a0 et qui\u00a0 s\u2019apparente\u00a0 \u00e0\u00a0 une\u00a0 v\u00e9ritable\u00a0 op\u00e9ration orchestr\u00e9e contre le hirak, des citoyennes et des citoyens d\u2019Oran \u201cadh\u00e9rant aux marches citoyennes des mardis et des vendredis chaque semaine depuis le 22 f\u00e9vrier\u201d ont lanc\u00e9 un appel aux \u201cautorit\u00e9s s\u00e9curitaires et administratives de la ville pour mettre fin aux manipulations de certains milieux affairistes mal dissimul\u00e9s derri\u00e8re des partis politiques et d\u2019associations proches du pouvoir ill\u00e9gal et ill\u00e9gitime\u201d.<\/p>\n<p>Par\u00a0 ailleurs, l\u2019appel met \u201cla justice\u00a0 alg\u00e9rienne,\u00a0 les pr\u00e9sidents de l\u2019APC et de l\u2019APW ainsi que messieurs le wali et le chef de s\u00fbret\u00e9 de wilaya\u201d devant leurs responsabilit\u00e9s en cas de d\u00e9passements irr\u00e9versibles. Le bureau d&rsquo;Oran de la Laddh rappelle \u00e9galement \u201cque le devoir des forces de l\u2019ordre est de prot\u00e9ger la population pacifique\u201d.<br \/>\u00a0<\/p>\n<p class=\"c6\"><strong>Sa\u00efd OUSSAD\u00a0<\/strong><\/p>\n<\/div>\n<div id=\"text_core\" readability=\"93\">\n<p>Grave ce qui vient de se passer en ce vendredi 45 du hirak \u00e0 Oran avec la multiplication des agressions physiques et verbales des bandes de jeunes dont certains \u00e9taient sous l\u2019emprise \u00e9vidente de drogue. La d\u00e9ferlante haineuse qui a accompagn\u00e9 les manifestants, hommes, femmes et enfants, tout au long de leur itin\u00e9raire t\u00e9moigne de la gravit\u00e9 des d\u00e9rapages qui se sont produits.<\/p>\n<p>\u201cCes sc\u00e8nes d&rsquo;agressions et de provocations avec insultes et injures prof\u00e9r\u00e9es contre les citoyens et les citoyennes d\u2019Oran se sont produites tout au long de la marche de ce vendredi, sans que les forces de l&rsquo;ordre interviennent, elles \u00e9taient d&rsquo;ailleurs absentes, pour prot\u00e9ger les citoyens pacifistes\u201d, rapporte le communiqu\u00e9 du bureau d\u2019Oran de la Laddh, rendu public le m\u00eame jour.<\/p>\n<p>Le ton \u00e9tait donn\u00e9 \u00e0 l\u2019heure de la marche avec des baltaguia qui se sont plac\u00e9s de part et d\u2019autre de la rue d\u2019Arzew pour houspiller les hirakistes avant de les prendre \u00e0 revers en amont du cin\u00e9ma R\u00e9gent, chargeant dans le tas et tentant d\u2019arracher embl\u00e8mes nationaux et pancartes brandis par les manifestants.<\/p>\n<p>Des coups de poing et de pied fusent et des hirakistes se retrouvant isol\u00e9s, sont agress\u00e9s.\u00a0 \u201cCes bandes de baltaguia ont pu ais\u00e9ment, en plusieurs endroits du parcours des hirakistes pacifiques, les agresser, frappant et insultant tous ceux qui se trouvaient \u00e0 leur port\u00e9e. Un p\u00e8re de famille a \u00e9t\u00e9 frapp\u00e9 \u00e0 la t\u00eate ainsi que sa petite fille qu&rsquo;il avait dans les bras\u201d, d\u00e9nonce la m\u00eame source.\u00a0<\/p>\n<p>Le calvaire ne faisait que commencer et des bandes d\u2019adolescents surexcit\u00e9s, r\u00e9pondant visiblement \u00e0 des directives d\u2019adultes pr\u00e9sents en\u00a0 tant qu\u2019observateurs, reviennent \u00e0 la charge \u00e0 la place des Victoires, affluant des ruelles Saint-Pierre. Des jets de pierres et de p\u00e9tards au milieu de la foule depuis l\u2019\u00e9chafaudage mis en place pour la restauration d\u2019immeubles au niveau des Arcades ont contribu\u00e9 \u00e0 ces moments de panique particuli\u00e8rement chez les femmes.<\/p>\n<p>Si les sc\u00e8nes de violence ont \u00e9t\u00e9 le leitmotiv de cette journ\u00e9e, ce sont en revanche les vid\u00e9os qui ont circul\u00e9 sur les r\u00e9seaux sociaux qui font froid dans le dos tant ce sentiment d\u2019impunit\u00e9 de ces agresseurs les pousse \u00e0 se filmer \u00e0 visage d\u00e9couvert. La vid\u00e9o d\u2019un baltagui connu \u00e0 Oran suscite, elle aussi, l\u2019indignation puisqu\u2019on le voit menacer d\u2019\u00e9gorger les manifestants au vu et au su de plusieurs policiers.<\/p>\n<p>Face \u00e0\u00a0 ce qui s\u2019est\u00a0 pass\u00e9\u00a0 et qui\u00a0 s\u2019apparente\u00a0 \u00e0\u00a0 une\u00a0 v\u00e9ritable\u00a0 op\u00e9ration orchestr\u00e9e contre le hirak, des citoyennes et des citoyens d\u2019Oran \u201cadh\u00e9rant aux marches citoyennes des mardis et des vendredis chaque semaine depuis le 22 f\u00e9vrier\u201d ont lanc\u00e9 un appel aux \u201cautorit\u00e9s s\u00e9curitaires et administratives de la ville pour mettre fin aux manipulations de certains milieux affairistes mal dissimul\u00e9s derri\u00e8re des partis politiques et d\u2019associations proches du pouvoir ill\u00e9gal et ill\u00e9gitime\u201d.<\/p>\n<p>Par\u00a0 ailleurs, l\u2019appel met \u201cla justice\u00a0 alg\u00e9rienne,\u00a0 les pr\u00e9sidents de l\u2019APC et de l\u2019APW ainsi que messieurs le wali et le chef de s\u00fbret\u00e9 de wilaya\u201d devant leurs responsabilit\u00e9s en cas de d\u00e9passements irr\u00e9versibles. Le bureau d&rsquo;Oran de la Laddh rappelle \u00e9galement \u201cque le devoir des forces de l\u2019ordre est de prot\u00e9ger la population pacifique\u201d.<br \/>\u00a0<\/p>\n<p class=\"c6\"><strong>Sa\u00efd OUSSAD\u00a0<\/strong><\/p>\n<\/div>\n<p>Auteur:<br \/>\n<a href=\"https:\/\/www.liberte-algerie.com\/actualite\/la-responsabilite-des-autorites-securitaires-et-administratives-en-question-331008\">Cliquez ici pour lire l&rsquo;article depuis sa source.<\/a><\/p>\n","protected":false},"excerpt":{"rendered":"<p>Grave ce qui vient de se passer en ce vendredi 45 du hirak \u00e0 Oran avec la multiplication des agressions physiques et verbales des bandes de jeunes dont certains \u00e9taient sous l\u2019emprise \u00e9vidente de drogue. La d\u00e9ferlante haineuse qui a accompagn\u00e9 les manifestants, hommes, femmes et enfants, tout au long de leur itin\u00e9raire t\u00e9moigne de [&hellip;]<\/p>\n","protected":false},"author":1742,"featured_media":0,"comment_status":"closed","ping_status":"closed","sticky":false,"template":"","format":"standard","meta":{"fifu_image_url":"","fifu_image_alt":"","footnotes":""},"categories":[73,53],"tags":[],"class_list":["post-71586","post","type-post","status-publish","format-standard","hentry","category-actualite","category-algerie"],"_links":{"self":[{"href":"https:\/\/linitiative.ca\/International\/wp-json\/wp\/v2\/posts\/71586","targetHints":{"allow":["GET"]}}],"collection":[{"href":"https:\/\/linitiative.ca\/International\/wp-json\/wp\/v2\/posts"}],"about":[{"href":"https:\/\/linitiative.ca\/International\/wp-json\/wp\/v2\/types\/post"}],"author":[{"embeddable":true,"href":"https:\/\/linitiative.ca\/International\/wp-json\/wp\/v2\/users\/1742"}],"replies":[{"embeddable":true,"href":"https:\/\/linitiative.ca\/International\/wp-json\/wp\/v2\/comments?post=71586"}],"version-history":[{"count":0,"href":"https:\/\/linitiative.ca\/International\/wp-json\/wp\/v2\/posts\/71586\/revisions"}],"wp:attachment":[{"href":"https:\/\/linitiative.ca\/International\/wp-json\/wp\/v2\/media?parent=71586"}],"wp:term":[{"taxonomy":"category","embeddable":true,"href":"https:\/\/linitiative.ca\/International\/wp-json\/wp\/v2\/categories?post=71586"},{"taxonomy":"post_tag","embeddable":true,"href":"https:\/\/linitiative.ca\/International\/wp-json\/wp\/v2\/tags?post=71586"}],"curies":[{"name":"wp","href":"https:\/\/api.w.org\/{rel}","templated":true}]}}