{"id":71588,"date":"2019-12-28T17:08:29","date_gmt":"2019-12-28T22:08:29","guid":{"rendered":"https:\/\/linitiative.ca\/International\/quand-les-sonorites-jazz-se-melent-aux-rythmes-marocains\/"},"modified":"2019-12-28T17:08:29","modified_gmt":"2019-12-28T22:08:29","slug":"quand-les-sonorites-jazz-se-melent-aux-rythmes-marocains","status":"publish","type":"post","link":"https:\/\/linitiative.ca\/International\/quand-les-sonorites-jazz-se-melent-aux-rythmes-marocains\/","title":{"rendered":"Quand les sonorit\u00e9s \u00ab\u00a0Jazz\u00a0\u00bb se m\u00ealent aux rythmes marocains"},"content":{"rendered":"<div readability=\"39\">\n<p>Essaouira \u2013 Apr\u00e8s une soir\u00e9e 100% Gnaoua sp\u00e9cialement livr\u00e9e pour c\u00e9l\u00e9brer l\u2019inscription de cet art dans la liste du patrimoine immat\u00e9riel de l\u2019UNESCO, les m\u00e9lomanes des sonorit\u00e9s Jazz les plus captivantes, ont \u00e9t\u00e9 au rendez-vous samedi soir \u00e0 Essaouira, avec un autre show riche en couleurs et ce, dans le cadre de la 5\u00e8 \u00e9dition du Festival Jazz sous l\u2019Arganier.<\/p>\n<\/div>\n<div readability=\"167\">\n<p>Dans une ambiance festive, les festivaliers ont investi, d\u00e8s les premi\u00e8res heures, l\u2019espace de Dar Souiri, le temps de pouvoir renouer avec cette belle musique de renomm\u00e9e mondiale, de go\u00fbter au charme et \u00e0 la singularit\u00e9 des rythmes et des sonorit\u00e9s de ce langage universel qui transgresse les fronti\u00e8res et ignore les diff\u00e9rences.<\/p>\n<p>Donc un mot de circonstance, Mme Kaoutar Chakir Benamara, secr\u00e9taire g\u00e9n\u00e9rale de l\u2019Association Essaouira-Mogador, a mis en avant l\u2019importance de ce Festival d\u00e9di\u00e9 au Jazz, rappelant qu&rsquo;\u00a0\u00bbEssaouira demeure cette ville de toutes les inspirations, au carrefour de l\u2019Afrique, berceau de l\u2019humanit\u00e9, l\u00e0 o\u00f9 tout a commenc\u00e9, l\u00e0 o\u00f9 la musique est n\u00e9e, et surtout, le Jazz a pouss\u00e9 ses premiers cris\u2026.\u00a0\u00bb.<\/p>\n<p>Ainsi, le public a eu l\u2019immense joie et l\u2019opportunit\u00e9 de d\u00e9couvrir des sonorit\u00e9s surfant entre latin-jazz et percussions marocaines avec le nouveau r\u00e9pertoire de Guillaume Debois Trio, intitul\u00e9 Jamil, et en guest Manuel Hermia qui se d\u00e9finit lui comme \u00ab improvisateur, compositeur et explorateur des musiques du monde \u00bb. Saxophoniste virtuose, il ma\u00eetrise aussi le bansuri, la fl\u00fbte de l\u2019Inde du nord.<\/p>\n<p>Bref, ce show in\u00e9dit et si singulier a permis aux festivaliers de mieux s\u2019impr\u00e9gner de la th\u00e9orie de ces musiciens de haute facture, baptis\u00e9e \u00ab Rajazz \u00bb qui, avec tant de d\u00e9licatesse et de subtilit\u00e9, a r\u00e9ussi \u00e0 jeter de v\u00e9ritables passerelles entre les jazz et les ragas.<\/p>\n<p>Du latin-jazz et des percussions marocaines qui ont \u00e9t\u00e9 ainsi, au c\u0153ur de cette musique comme pour transporter le public vers une fusion intemporelle liant le moderne \u00e0 la tradition. Un spectacle amplement r\u00e9ussi.<\/p>\n<p>Un p\u00e9riple musical de toute splendeur dans un univers de compositions \u00e0 influences latines fusionn\u00e9es avec des rythmes marocains, rendu possible gr\u00e2ce \u00e0 des musiciens confirm\u00e9s \u00e0 l\u2019image du jeune bassiste talentueux Khalil Benssouda, et le grand percussionniste Abdelfattah el Houssaini, sp\u00e9cialiste des rythmes marocains et musiques du monde, qui a accompagn\u00e9 les plus grands de la musique marocaine comme Abdelhadi Belkhayat, Abdelouhab Doukkali, Naima Samih et autres.<\/p>\n<p>Pianiste, compositeur, surfeur rochelais ayant grandi au Br\u00e9sil, v\u00e9cu \u00e0 Tahiti et Cuba, Guillaume Desbois a compos\u00e9 et jou\u00e9 avec des musiciens de diff\u00e9rents coins du monde.<\/p>\n<p>De formation classique, pianiste form\u00e9 par Nadine Ossipov d\u00e8s l\u2019\u00e2ge de 6 ans, il \u00e9volue d\u00e8s la vingtaine avec des jazzmen de renom comme Felix Vilchez, Franck Zottoli, Alexis Bosh ou bien encore Otmaro Ruiz. Ses collaborations l\u2019orientent vers la musique de film et le latin-jazz. Il continue \u00e0 exp\u00e9rimenter ces diverses influences au Maroc o\u00f9 il r\u00e9side actuellement.<\/p>\n<p>Par la suite, c\u2019\u00e9tait au tour de Tao Ehrlich Quartet avec en guest Loy Ehrich, artiste, fran\u00e7ais jazz et world music, de monter sur sc\u00e8ne, le temps de capter l\u2019attention et les \u00e9motions des f\u00e9rus de ces beaux rythmes.<\/p>\n<p>Le jeune batteur Tao Ehrlich, qui a enchant\u00e9 ann\u00e9e apr\u00e8s ann\u00e9e le Festival Gnaoua et musiques du Monde d\u2019Essaouira, a eu ainsi le privil\u00e8ge avec son quartet form\u00e9 de la nouvelle g\u00e9n\u00e9ration de musiciens de jazz qui produisent actuellement \u00e0 Paris, de convier les amateurs des nouveaux courants du jazz moderne, \u00e0 plonger dans un univers jazzy influenc\u00e9 par les musiques du monde et le rock progressif.<\/p>\n<p>Des musiciens largement influenc\u00e9s par les musiques du monde et le rock progressif, qui lib\u00e8rent une \u00e9nergie cr\u00e9atrice embl\u00e9matique des nouveaux courants du Jazz moderne.<\/p>\n<p>Un des moments forts de ce concert a \u00e9t\u00e9 donc la participation, en mode fusion jazz-world, de Loy Ehrlich, grand artiste musicien et ancien directeur artistique du Festival Gnaoua et Musiques du Monde, invit\u00e9 \u00e0 jouer aux c\u00f4t\u00e9s du quartet.<\/p>\n<p>Cette seconde soir\u00e9e a \u00e9t\u00e9 rehauss\u00e9e par la pr\u00e9sence notamment de M. Andr\u00e9 Azoulay, Conseiller de Sa Majest\u00e9 le Roi et Pr\u00e9sident-fondateur de l\u2019Association Essaouira-Mogador, ainsi que par d\u2019autres personnalit\u00e9s.<\/p>\n<p>Pr\u00e9vue jusqu\u2019au 29 d\u00e9cembre, la 5\u00e8 \u00e9dition du festival de jazz sous l\u2019arganier se met, cette ann\u00e9e, aux couleurs des rythmes de l\u2019Afrique et accueille des prodiges de la musique marocains, ivoirien, malien\u2026 ou bien encore europ\u00e9ens, d\u00e9j\u00e0 reconnus ou en devenir, qui illustrent la diversit\u00e9 et la richesse de ce courant musical aux multiples facettes.<\/p>\n<p>Un programme riche et vari\u00e9, parfois surprenant, offert \u00e0 Dar Souiri aux aficionados du Jazz sous toutes ses formes. Six concerts et trois soir\u00e9es en compagnie d\u2019artistes exceptionnels, de grands noms mais aussi de jeunes talents, marocains ou venus d\u2019ailleurs, permettront le temps de cette nouvelle \u00e9dition, de partager dans une ambiance festive, sensations et \u00e9motions dans un esprit de tol\u00e9rance et d\u2019ouverture, signes de reconnaissance des rencontres musicales organis\u00e9es tout au long de l\u2019ann\u00e9e \u00e0 Essaouira.<\/p>\n<\/div>\n<p>Auteur: Meriem IGASS<br \/>\n<a href=\"http:\/\/www.mapmarrakech.ma\/fr\/sonorites\/\">Cliquez ici pour lire l&rsquo;article depuis sa source.<\/a><\/p>\n","protected":false},"excerpt":{"rendered":"<p>Essaouira \u2013 Apr\u00e8s une soir\u00e9e 100% Gnaoua sp\u00e9cialement livr\u00e9e pour c\u00e9l\u00e9brer l\u2019inscription de cet art dans la liste du patrimoine immat\u00e9riel de l\u2019UNESCO, les m\u00e9lomanes des sonorit\u00e9s Jazz les plus captivantes, ont \u00e9t\u00e9 au rendez-vous samedi soir \u00e0 Essaouira, avec un autre show riche en couleurs et ce, dans le cadre de la 5\u00e8 \u00e9dition [&hellip;]<\/p>\n","protected":false},"author":1788,"featured_media":0,"comment_status":"closed","ping_status":"closed","sticky":false,"template":"","format":"standard","meta":{"fifu_image_url":"","fifu_image_alt":"","footnotes":""},"categories":[54,76],"tags":[],"class_list":["post-71588","post","type-post","status-publish","format-standard","hentry","category-maroc","category-regions"],"_links":{"self":[{"href":"https:\/\/linitiative.ca\/International\/wp-json\/wp\/v2\/posts\/71588","targetHints":{"allow":["GET"]}}],"collection":[{"href":"https:\/\/linitiative.ca\/International\/wp-json\/wp\/v2\/posts"}],"about":[{"href":"https:\/\/linitiative.ca\/International\/wp-json\/wp\/v2\/types\/post"}],"author":[{"embeddable":true,"href":"https:\/\/linitiative.ca\/International\/wp-json\/wp\/v2\/users\/1788"}],"replies":[{"embeddable":true,"href":"https:\/\/linitiative.ca\/International\/wp-json\/wp\/v2\/comments?post=71588"}],"version-history":[{"count":0,"href":"https:\/\/linitiative.ca\/International\/wp-json\/wp\/v2\/posts\/71588\/revisions"}],"wp:attachment":[{"href":"https:\/\/linitiative.ca\/International\/wp-json\/wp\/v2\/media?parent=71588"}],"wp:term":[{"taxonomy":"category","embeddable":true,"href":"https:\/\/linitiative.ca\/International\/wp-json\/wp\/v2\/categories?post=71588"},{"taxonomy":"post_tag","embeddable":true,"href":"https:\/\/linitiative.ca\/International\/wp-json\/wp\/v2\/tags?post=71588"}],"curies":[{"name":"wp","href":"https:\/\/api.w.org\/{rel}","templated":true}]}}