{"id":71589,"date":"2019-12-29T04:03:06","date_gmt":"2019-12-29T09:03:06","guid":{"rendered":"https:\/\/linitiative.ca\/International\/les-recentes-oeuvres-de-mohamed-arejdal-sinvitent-a-marrakech\/"},"modified":"2019-12-29T04:03:06","modified_gmt":"2019-12-29T09:03:06","slug":"les-recentes-oeuvres-de-mohamed-arejdal-sinvitent-a-marrakech","status":"publish","type":"post","link":"https:\/\/linitiative.ca\/International\/les-recentes-oeuvres-de-mohamed-arejdal-sinvitent-a-marrakech\/","title":{"rendered":"Les r\u00e9centes oeuvres de Mohamed Arejdal s\u2019invitent \u00e0 Marrakech"},"content":{"rendered":"<div readability=\"36\">\n<p>Marrakech \u2013 \u00ab\u00a0Ressala\u00a0\u00bb est le th\u00e8me de l\u2019exposition des r\u00e9centes \u0153uvres de l\u2019artiste Mohamed Arejdal, dont le vernissage a eu lieu, samedi soir au \u00ab\u00a0Comptoir des Mines Galerie\u00a0\u00bb \u00e0 Marrakech.<\/p>\n<\/div>\n<div readability=\"152\">\n<p>Cette exposition majeure dot\u00e9e d\u2019une dimension mus\u00e9ale, qui se poursuivra jusqu\u2019au 5 f\u00e9vrier prochain, d\u00e9coule d\u2019une volont\u00e9 de d\u00e9fendre une vision alternative de l\u2019art au Maroc et de proposer une autre lecture de la notion d\u2019un \u00ab\u00a0Grand Sud\u00a0\u00bb.<\/p>\n<p>Ne se limitant plus \u00e0 un territoire spatial ou \u00e0 une g\u00e9ographie du tiers-monde, le \u00ab\u00a0Grand Sud\u00a0\u00bb mis en avant par l\u2019artiste trouverait davantage son sens dans un agr\u00e9gat de coutumes, de pratiques humaines et de cultures devenues \u00ab\u00a0minoritaires\u00a0\u00bb qui se d\u00e9marquent d\u2019une \u00ab\u00a0d\u00e9finition occidentale\u00a0\u00bb.<\/p>\n<p>Les \u0153uvres, qui jalonnent les grandes phases du parcours de l\u2019exposition, sont d\u2019ailleurs toutes empreintes des traces du vivant, du sacr\u00e9 ou des coutumes ancestrales, de m\u00eame qu\u2019elles repr\u00e9sentent des fragments de \u00ab\u00a0ce Grand Sud\u00a0\u00bb imaginaire mis en p\u00e9ril par le rythme d\u2019une modernit\u00e9 impos\u00e9e.<\/p>\n<p>Si elle repr\u00e9sente un aboutissement important pour l\u2019artiste, \u00ab\u00a0Ressala\u00a0\u00bb est un d\u00e9fi colossal pour le \u00ab\u00a0Comptoir des Mines\u00a0\u00bb afin d\u2019accompagner l\u2019un des personnages les plus fascinants de la sc\u00e8ne artistique marocaine dans \u00ab\u00a0son bilan d\u2019\u00e9tape d\u00e9cennal\u00a0\u00bb.<\/p>\n<p>Le titre de l\u2019exposition \u00ab\u00a0Ressala\u00a0\u00bb renvoie \u00e0 la s\u00e9mantique m\u00eame du Sacr\u00e9 en Islam. Si Mohamed Arejdal ne se pr\u00e9tend ni un \u00eatre c\u00e9leste ni un Messie, il revendique en revanche farouchement sa l\u00e9gitimit\u00e9 \u00e0 t\u00e9moigner d\u2019un monde en mutation dont il se sait fin observateur.<\/p>\n<p>S\u2019il endosse aujourd\u2019hui le r\u00f4le de \u00ab\u00a0messager\u00a0\u00bb, c\u2019est qu\u2019il a conscience de porter en lui une v\u00e9rit\u00e9 que l\u2019urgence du moment le force \u00e0 transmettre \u00e0 travers son langage visuel. \u00ab\u00a0Je suis une voix venant du Sud\u00a0\u00bb, se pla\u00eet-il \u00e0 r\u00e9p\u00e9ter.<\/p>\n<p>Mohamed Arejdal a une mission, celle de rappeler sans cesse la disparition des particularit\u00e9s et des exceptions culturelles qui fa\u00e7onnaient les mosa\u00efques humaines au Maroc, mais aussi en Afrique de l\u2019Ouest, et bien au-del\u00e0 encore.<\/p>\n<p>Le rapport \u00e0 la modernit\u00e9, le colonialisme, les signes du sacr\u00e9, les liens sociaux, les distances qui s\u00e9parent les cultures, les fronti\u00e8res et le nomadisme, ainsi que le travestissement de la culture au service du commerce, sont les pr\u00e9occupations ardentes de Mohamed Arejdal.<\/p>\n<p>\u00ab\u00a0C\u2019est notre responsabilit\u00e9 commune d\u2019en parler et d\u2019interroger \u00e0 notre tour les gens\u00a0\u00bb, affirme-t-il.<\/p>\n<p>En 2012, il se mettait d\u00e9j\u00e0 en sc\u00e8ne dans une performance vid\u00e9o tourn\u00e9e \u00e0 la place Jamaa El Fna \u00ab\u00a0Mohamed Artiste\u00a0\u00bb, clamant sa naissance artistique au monde et lisant, devant une foule interloqu\u00e9e, le manifeste qui guidera ses pas.<\/p>\n<p>Il sera l\u2019infatigable voyageur, responsable de chacun de ses actes et de ses paroles. Cette place, il l\u2019a sciemment choisie pour gagner la reconnaissance des \u00ab\u00a0conteurs\u00a0\u00bb qu\u2019il per\u00e7oit comme les pionniers des arts vivants au Maroc.<\/p>\n<p>Sans doute, Mohamed Arejdal ignorait-il alors qu\u2019il marchait sur les pas des artistes du \u00ab\u00a0Mouvement de Casablanca\u00a0\u00bb, qui ont eux-m\u00eames investi la place mythique de Jamaa el Fna en 1969 pour y faire entendre leurs diff\u00e9rences et revendiquer une certaine distance avec la pratique et le savoir artistiques occidentaux.<\/p>\n<p>Mohamed Arejdal, 50 ans apr\u00e8s le manifeste de la place Jamaa El Fna dont il endosse pleinement l\u2019h\u00e9ritage \u00ab\u00a0nous invite \u00e0 nous affranchir des rep\u00e8res invent\u00e9s pour l\u00e9gitimer les dominations culturelles et l\u2019emprise de l\u2019occident\u00a0\u00bb, \u00e0 l\u2019instar de l\u2019appellation \u00ab\u00a0Sud\u00a0\u00bb utilis\u00e9e aujourd\u2019hui pour d\u00e9signer les contr\u00e9es situ\u00e9es dans la partie m\u00e9ridionale de l\u2019espace m\u00e9diterran\u00e9en.<\/p>\n<p>Mohamed Arejdal est un personnage fascinant dont les obstacles de la vie n\u2019ont jamais alt\u00e9r\u00e9 la d\u00e9termination. De l\u2019obtention de son Dipl\u00f4me de l\u2019Institut National des Beaux Arts (INBA) de T\u00e9touan en 2008, jusqu\u2019\u00e0 la reconnaissance acquise durant la Bienalsur \u00e0 Buenos Aires en 2019, Arejdal fait, \u00e0 travers ces oeuvres, la lumi\u00e8re sur quelques-unes des \u00e9tapes les plus marquantes de sa vie, notamment sa travers\u00e9e clandestine et son arrestation en Espagne qui ont marqu\u00e9 un tournant dans son existence.<\/p>\n<p>Cette prise de risque pour vivre intens\u00e9ment sa \u00ab\u00a0mission\u00a0\u00bb artistique ne l\u2019a plus quitt\u00e9 depuis, comme en attestent ses nombreux voyages en Afrique de l\u2019Ouest et au Sahel.<\/p>\n<p>A pied, \u00e0 dos de chameau, ou en autocar, Mohamed Arejdal s\u2019est souvent m\u00eal\u00e9 aux populations et caravanes nomades sans conna\u00eetre \u00e0 l\u2019avance sa destination finale. Roues motrices de son imaginaire, ce sont avant tout les voyages, les rencontres et le dialogue qui comptent \u00e0 ses yeux comme autant d\u2019empreintes de ces moments qu\u2019il finit par mat\u00e9rialiser en \u0153uvre d\u2019art.<\/p>\n<p>L\u2019artiste a toujours manifest\u00e9 une grande pr\u00e9occupation \u00e0 lutter contre les amalgames li\u00e9s aux cultes religieux et de certaines id\u00e9ologies qui enferment, selon lui, des populations enti\u00e8res dans des st\u00e9r\u00e9otypes d\u00e9termin\u00e9s.<\/p>\n<p>Au-del\u00e0, il se penche aussi sur le chantier de la foi et les engrenages de certaines pratiques qui peuvent aboutir \u00e0 des situations contraignantes pour les individus et les soci\u00e9t\u00e9s.<\/p>\n<\/div>\n<p>Auteur: Meriem IGASS<br \/>\n<a href=\"http:\/\/www.mapmarrakech.ma\/fr\/arejdal\/\">Cliquez ici pour lire l&rsquo;article depuis sa source.<\/a><\/p>\n","protected":false},"excerpt":{"rendered":"<p>Marrakech \u2013 \u00ab\u00a0Ressala\u00a0\u00bb est le th\u00e8me de l\u2019exposition des r\u00e9centes \u0153uvres de l\u2019artiste Mohamed Arejdal, dont le vernissage a eu lieu, samedi soir au \u00ab\u00a0Comptoir des Mines Galerie\u00a0\u00bb \u00e0 Marrakech. Cette exposition majeure dot\u00e9e d\u2019une dimension mus\u00e9ale, qui se poursuivra jusqu\u2019au 5 f\u00e9vrier prochain, d\u00e9coule d\u2019une volont\u00e9 de d\u00e9fendre une vision alternative de l\u2019art au [&hellip;]<\/p>\n","protected":false},"author":1788,"featured_media":0,"comment_status":"closed","ping_status":"closed","sticky":false,"template":"","format":"standard","meta":{"fifu_image_url":"","fifu_image_alt":"","footnotes":""},"categories":[54,76],"tags":[],"class_list":["post-71589","post","type-post","status-publish","format-standard","hentry","category-maroc","category-regions"],"_links":{"self":[{"href":"https:\/\/linitiative.ca\/International\/wp-json\/wp\/v2\/posts\/71589","targetHints":{"allow":["GET"]}}],"collection":[{"href":"https:\/\/linitiative.ca\/International\/wp-json\/wp\/v2\/posts"}],"about":[{"href":"https:\/\/linitiative.ca\/International\/wp-json\/wp\/v2\/types\/post"}],"author":[{"embeddable":true,"href":"https:\/\/linitiative.ca\/International\/wp-json\/wp\/v2\/users\/1788"}],"replies":[{"embeddable":true,"href":"https:\/\/linitiative.ca\/International\/wp-json\/wp\/v2\/comments?post=71589"}],"version-history":[{"count":0,"href":"https:\/\/linitiative.ca\/International\/wp-json\/wp\/v2\/posts\/71589\/revisions"}],"wp:attachment":[{"href":"https:\/\/linitiative.ca\/International\/wp-json\/wp\/v2\/media?parent=71589"}],"wp:term":[{"taxonomy":"category","embeddable":true,"href":"https:\/\/linitiative.ca\/International\/wp-json\/wp\/v2\/categories?post=71589"},{"taxonomy":"post_tag","embeddable":true,"href":"https:\/\/linitiative.ca\/International\/wp-json\/wp\/v2\/tags?post=71589"}],"curies":[{"name":"wp","href":"https:\/\/api.w.org\/{rel}","templated":true}]}}