{"id":71590,"date":"2019-12-29T12:08:34","date_gmt":"2019-12-29T17:08:34","guid":{"rendered":"https:\/\/linitiative.ca\/International\/maitre-gims-se-felicite-du-succes-du-concert-stars-in-the-place\/"},"modified":"2019-12-29T12:08:34","modified_gmt":"2019-12-29T17:08:34","slug":"maitre-gims-se-felicite-du-succes-du-concert-stars-in-the-place","status":"publish","type":"post","link":"https:\/\/linitiative.ca\/International\/maitre-gims-se-felicite-du-succes-du-concert-stars-in-the-place\/","title":{"rendered":"Ma\u00eetre Gims se f\u00e9licite du succ\u00e8s du concert \u00ab\u00a0Stars In The Place\u00a0\u00bb"},"content":{"rendered":"<div readability=\"37\">\n<p>Marrakech \u2013 L\u2019artiste congolais Ma\u00eetre Gims s\u2019est f\u00e9licit\u00e9 dimanche, \u00e0 Marrakech, du succ\u00e8s populaire grandissant du concert \u00ab\u00a0Stars In The Place\u00a0\u00bb, qui souffle cette ann\u00e9e sa troisi\u00e8me bougie.<\/p>\n<\/div>\n<div readability=\"118\">\n<p>\u00ab\u00a0Je me souviens tr\u00e8s bien des d\u00e9buts de ce projet culturel et artistique et je suis heureux que ce projet aboutisse et connaisse autant de succ\u00e8s\u00a0\u00bb, a-t-il relev\u00e9 lors d\u2019une conf\u00e9rence de presse peu avant l\u2019ouverture de ce concert pr\u00e9vu dimanche soir, \u00e0 la mythique Place Jemaa Fna.<\/p>\n<p>Ma\u00eetre Gims, qui \u00e9tait accompagn\u00e9 des artistes qui se produiront \u00e0 ses c\u00f4t\u00e9s lors de ce concert, a estim\u00e9 que cet \u00e9v\u00e9nement culturel annuel qui a mis le Maroc au devant de la sc\u00e8ne, n\u2019a rien \u00e0 envier aux grandes manifestations artistiques internationales.<\/p>\n<p>\u00ab\u00a0Cette ann\u00e9e encore, nous avons proc\u00e9d\u00e9 \u00e0 un choix minutieux des artistes, qui sont les plus demand\u00e9s par le public marocain \u00e0 l\u2019heure actuelle\u00a0\u00bb, a-t-il ajout\u00e9, relevant que le public appr\u00e9ciera s\u00fbrement cette tr\u00e8s belle affiche comprenant une palette d\u2019artistes nationaux et internationaux.<\/p>\n<p>Les artistes, qui ont r\u00e9pondu pr\u00e9sent \u00e0 ce concert, veulent f\u00eater cette fin d\u2019ann\u00e9e avec le public marocain, a-t-il not\u00e9, indiquant qu\u2019il a plein de projets artistiques avec tout d\u2019abord l\u2019artiste marocain Aminux et \u00e9gyptien Mohamed Ramadan.<\/p>\n<p>De son c\u00f4t\u00e9, l\u2019artiste \u00e9gyptien Mohamed Ramadan s\u2019est dit tr\u00e8s fier et tr\u00e8s honor\u00e9 de se produire \u00e0 Marrakech et au Maroc, terre de la paix, o\u00f9 il vient r\u00e9guli\u00e8rement animer des concerts.<\/p>\n<p>Le public marocain est connu pour son go\u00fbt artistique raffin\u00e9, a-t-il ajout\u00e9, tenant \u00e0 rappeler que les grands artistes \u00e9gyptiens de la belle \u00e9poque (Abdelhalim Hafez, Oum Khaltoum et Mohamed Abdelouahab entre autres) ont toujours \u00e9t\u00e9 bien accueillis et soutenus par le public marocain.<\/p>\n<p>Par ailleurs, Mohamed Ramadan a soulign\u00e9 qu\u2019il est avant tout un com\u00e9dien et le restera toujours car cette popularit\u00e9, il la doit \u00e0 ses r\u00f4les dans les s\u00e9ries t\u00e9l\u00e9vis\u00e9es et au cin\u00e9ma, indiquant qu\u2019il compte jouer dans une s\u00e9rie religieuse sur la personnalit\u00e9 de Bilal ibn Rabah, le muezzin du proph\u00e8te.<\/p>\n<p>\u00ab\u00a0J\u2019ai aussi des projets artistiques avec Ma\u00eetre Gims car j\u2019aspire \u00e0 favoriser le partage entre les artistes africains et faire connaitre cet artiste aupr\u00e8s du public \u00e9gyptien\u00a0\u00bb, a-t-il indiqu\u00e9.<\/p>\n<p>Organis\u00e9 par Lamalif Group, ce rendez-vous artistique annuel, plac\u00e9 sous le Haut Patronage de SM le Roi Mohammed VI, c\u00e9l\u00e8bre, cette ann\u00e9e, la citoyennet\u00e9 \u00e0 travers un concert qui r\u00e9unira des artistes d\u2019exception.<\/p>\n<p>Ainsi, Ma\u00eetre Gims sera entour\u00e9 de Dadju, Lartiste, Aminux, L7or et Mohamed Ramadan pour offrir au grand public une soir\u00e9e haute en couleurs et riche en \u00e9motions.<\/p>\n<p>Concert annuel 100% gratuit, \u00ab\u00a0Stars in The Place\u00a0\u00bb est un concept port\u00e9 par Ma\u00eetre Gims, qui invite ses amis artistes pour partager leur passion pour le Maroc et pour Marrakech.<\/p>\n<p>La place Jemaa El Fna se convertira donc en un \u00ab\u00a0dancefloor\u00a0\u00bb g\u00e9ant, lors de cette soir\u00e9e qui sera anim\u00e9e par Momo: les six artistes (Gims, Dadju, Lartiste, Aminux, L7or et Mohamed Ramadan) raviront le public avec leurs plus grands succ\u00e8s.<\/p>\n<\/div>\n<p>Auteur: Meriem IGASS<br \/>\n<a href=\"http:\/\/www.mapmarrakech.ma\/fr\/gims\/\">Cliquez ici pour lire l&rsquo;article depuis sa source.<\/a><\/p>\n","protected":false},"excerpt":{"rendered":"<p>Marrakech \u2013 L\u2019artiste congolais Ma\u00eetre Gims s\u2019est f\u00e9licit\u00e9 dimanche, \u00e0 Marrakech, du succ\u00e8s populaire grandissant du concert \u00ab\u00a0Stars In The Place\u00a0\u00bb, qui souffle cette ann\u00e9e sa troisi\u00e8me bougie. \u00ab\u00a0Je me souviens tr\u00e8s bien des d\u00e9buts de ce projet culturel et artistique et je suis heureux que ce projet aboutisse et connaisse autant de succ\u00e8s\u00a0\u00bb, a-t-il [&hellip;]<\/p>\n","protected":false},"author":1788,"featured_media":0,"comment_status":"closed","ping_status":"closed","sticky":false,"template":"","format":"standard","meta":{"fifu_image_url":"","fifu_image_alt":"","footnotes":""},"categories":[54,76],"tags":[],"class_list":["post-71590","post","type-post","status-publish","format-standard","hentry","category-maroc","category-regions"],"_links":{"self":[{"href":"https:\/\/linitiative.ca\/International\/wp-json\/wp\/v2\/posts\/71590","targetHints":{"allow":["GET"]}}],"collection":[{"href":"https:\/\/linitiative.ca\/International\/wp-json\/wp\/v2\/posts"}],"about":[{"href":"https:\/\/linitiative.ca\/International\/wp-json\/wp\/v2\/types\/post"}],"author":[{"embeddable":true,"href":"https:\/\/linitiative.ca\/International\/wp-json\/wp\/v2\/users\/1788"}],"replies":[{"embeddable":true,"href":"https:\/\/linitiative.ca\/International\/wp-json\/wp\/v2\/comments?post=71590"}],"version-history":[{"count":0,"href":"https:\/\/linitiative.ca\/International\/wp-json\/wp\/v2\/posts\/71590\/revisions"}],"wp:attachment":[{"href":"https:\/\/linitiative.ca\/International\/wp-json\/wp\/v2\/media?parent=71590"}],"wp:term":[{"taxonomy":"category","embeddable":true,"href":"https:\/\/linitiative.ca\/International\/wp-json\/wp\/v2\/categories?post=71590"},{"taxonomy":"post_tag","embeddable":true,"href":"https:\/\/linitiative.ca\/International\/wp-json\/wp\/v2\/tags?post=71590"}],"curies":[{"name":"wp","href":"https:\/\/api.w.org\/{rel}","templated":true}]}}