{"id":71591,"date":"2019-12-29T04:23:56","date_gmt":"2019-12-29T09:23:56","guid":{"rendered":"https:\/\/linitiative.ca\/International\/2019-batna-amelioration-de-lapprovisionnement-en-energie\/"},"modified":"2019-12-29T04:23:56","modified_gmt":"2019-12-29T09:23:56","slug":"2019-batna-amelioration-de-lapprovisionnement-en-energie","status":"publish","type":"post","link":"https:\/\/linitiative.ca\/International\/2019-batna-amelioration-de-lapprovisionnement-en-energie\/","title":{"rendered":"2019-Batna: am\u00e9lioration de l\u2019approvisionnement en \u00e9nergie"},"content":{"rendered":"<div readability=\"35\">\n<p><strong>BATNA &#8211; La wilaya de Batna a connu durant 2019 une am\u00e9lioration de l\u2019approvisionnement en \u00e9lectricit\u00e9 et gaz, et les autorit\u00e9s locales misent d\u00e9sormais sur son acheminement vers les zones les plus recul\u00e9es.<\/strong><\/p>\n<\/div>\n<div readability=\"78.4366754617\">\n<p>\u00ab\u00a0On s\u2019attend \u00e0 porter d\u2019ici la fin de l\u2019ann\u00e9e en cours le taux de raccordement au r\u00e9seau d\u2019\u00e9lectricit\u00e9 \u00e0 98% et celui du r\u00e9seau de gaz \u00e0 90%, contre respectivement des taux de 96% et 82% l\u2019ann\u00e9e \u00e9coul\u00e9e\u00a0\u00bb, affirme \u00e0 l\u2019APS le directeur de wilaya de l\u2019Energie, Alaoua Djari.<\/p>\n<p>Les projets en cours pr\u00e9voient ainsi le raccordement de 12.000 foyers au r\u00e9seau de gaz en attendant le lancement des travaux de desserte de 6.800 autres foyers, a indiqu\u00e9 le m\u00eame cadre, signalant que pour l\u2019\u00e9lectricit\u00e9, les actions en cours portent sur le raccordement de 2.500 foyers en attendant le lancement des travaux de 10.000 autres branchements en zones recul\u00e9es.<\/p>\n<blockquote readability=\"11\">\n<p><em><strong>Le m\u00eame responsable a affirm\u00e9 que l\u2019approvisionnement en \u00e9lectricit\u00e9 des 61 communes de la wilaya a r\u00e9alis\u00e9 un bond \u00ab\u00a0qualitatif\u00a0\u00bb, parvenant jusqu\u2019aux zones montagneuses recul\u00e9es, ajoutant que toutes les communes de la wilaya sont reli\u00e9es au r\u00e9seau de gaz \u00e0 l\u2019exception de Larbaa, d\u00e9sert\u00e9e par ses habitants durant la d\u00e9cennie noire et dont le retour conditionne le raccordement.<\/strong><\/em><\/p>\n<\/blockquote>\n<hr\/>\n<h3>Lire aussi:\u00a0<a href=\"http:\/\/www.aps.dz\/economie\/99082-electricite-vers-l-installation-une-capacite-additionnelle-de-20-000-mw-dans-10-ans\" target=\"_blank\" rel=\"noopener noreferrer\">Electricit\u00e9: vers l&rsquo;installation une capacit\u00e9 additionnelle de 20.000 MW dans 10 ans<\/a><\/h3>\n<hr\/>\n<p>Les investissements jug\u00e9s importants engag\u00e9s dans la wilaya de Batna au cours des derni\u00e8res ann\u00e9es ont \u00e9tendu l\u2019acc\u00e8s \u00e0 l\u2019\u00e9nergie notamment \u00e9lectrique \u00e0 la faveur notamment de la construction de la centrale de la commune d\u2019Ain Djasser dont la r\u00e9cente extension r\u00e9ceptionn\u00e9e en novembre pass\u00e9e en a port\u00e9, selon le m\u00eame cadre, la production \u00e0 sa capacit\u00e9 optimale de 800 m\u00e9gawatts\/heure.<\/p>\n<blockquote readability=\"11\">\n<p><em><strong>Outre le renforcement du r\u00e9seau national d\u2019\u00e9lectricit\u00e9, cette centrale a am\u00e9lior\u00e9 consid\u00e9rablement l\u2019alimentation en \u00e9lectricit\u00e9 \u00e0 Batna et dans les wilayas voisines, a pr\u00e9cis\u00e9 le m\u00eame responsable qui a consid\u00e9r\u00e9 que Batna figure parmi les quelques wilayas travers\u00e9es par le GREO (gazoduc de la rocade Est ouest) et la ligne THE (tr\u00e8s haute tension), entr\u00e9s en service en 2017.<\/strong><\/em><\/p>\n<\/blockquote>\n<p>Ces deux lignes, a-t-il dit, ont contribu\u00e9 \u00e0 am\u00e9liorer l\u2019am\u00e9lioration de la wilaya en \u00e9nergie et de r\u00e9pondre \u00e0 une grande partie de ses besoins.<\/p>\n<p class=\"c30\"><strong>Projets prometteurs pour renforcer\u00a0 le secteur de l\u2019\u00e9nergie<\/strong><\/p>\n<blockquote readability=\"9\">\n<p><em><strong>Les services de l\u2019\u00e9nergie de la wilaya pr\u00e9voient de consolider les investissements du secteur par l\u2019entr\u00e9e en activit\u00e9 d\u2019ici la fin de l\u2019ann\u00e9e en cours de l\u2019usine de production de turbines r\u00e9alis\u00e9 dans la commune d\u2019Ain Yagout, dans le cadre d\u2019un partenariat alg\u00e9ro-am\u00e9ricain (groupe Sonelgaz et General Electric).<\/strong><\/em><\/p>\n<\/blockquote>\n<p>La seconde tranche de la station 220\/400 kilowatts de la commune de Tazoult devra entrer en activit\u00e9 fin d\u00e9cembre courant, selon le cadre qui a not\u00e9 que cette r\u00e9alisation consolidera le r\u00e9seau national et am\u00e9liorera l\u2019approvisionnement de la partie Est du pays incluant les communes de la wilaya de Batna.<\/p>\n<hr\/>\n<h3>Lire aussi: <a href=\"http:\/\/www.aps.dz\/economie\/98167-boulakhras-affirme-a-malabo-que-la-gaz-naturel-constitue-une-energie-prioritaire\" target=\"_blank\" rel=\"noopener noreferrer\">Boulakhras affirme \u00e0 Malabo que la gaz naturel constitue une \u00e9nergie prioritaire<\/a><\/h3>\n<hr\/>\n<blockquote readability=\"6\">\n<p><em><strong>M. Djari a ajout\u00e9 que le gel maintenu sur nombre de projets du secteur sera lev\u00e9 ainsi qu\u2019annonc\u00e9 par le ministre de l\u2019Energie lors de sa derni\u00e8re visit\u00e9 dans la wilaya.<\/strong><\/em><\/p>\n<\/blockquote>\n<p>Selon les services de la Direction de l\u2019\u00e9nergie de wilaya, la concr\u00e9tisation de ces projets importants transformera positivement la situation de l\u2019approvisionnement en \u00e9nergie dans les prochaines ann\u00e9es au b\u00e9n\u00e9ficie de la wilaya et de toute la r\u00e9gion Est du pays.<\/p>\n<\/div>\n<p>Auteur:<br \/>\n<a href=\"http:\/\/www.aps.dz\/regions\/99509-2019-batna-amelioration-de-l-approvisionnement-en-energie-et-challenge-pour-la-porter-aux-zones-les-plus-reculees\">Cliquez ici pour lire l&rsquo;article depuis sa source.<\/a><\/p>\n","protected":false},"excerpt":{"rendered":"<p>BATNA &#8211; La wilaya de Batna a connu durant 2019 une am\u00e9lioration de l\u2019approvisionnement en \u00e9lectricit\u00e9 et gaz, et les autorit\u00e9s locales misent d\u00e9sormais sur son acheminement vers les zones les plus recul\u00e9es. \u00ab\u00a0On s\u2019attend \u00e0 porter d\u2019ici la fin de l\u2019ann\u00e9e en cours le taux de raccordement au r\u00e9seau d\u2019\u00e9lectricit\u00e9 \u00e0 98% et celui [&hellip;]<\/p>\n","protected":false},"author":1790,"featured_media":0,"comment_status":"closed","ping_status":"closed","sticky":false,"template":"","format":"standard","meta":{"fifu_image_url":"","fifu_image_alt":"","footnotes":""},"categories":[53,76],"tags":[],"class_list":["post-71591","post","type-post","status-publish","format-standard","hentry","category-algerie","category-regions"],"_links":{"self":[{"href":"https:\/\/linitiative.ca\/International\/wp-json\/wp\/v2\/posts\/71591","targetHints":{"allow":["GET"]}}],"collection":[{"href":"https:\/\/linitiative.ca\/International\/wp-json\/wp\/v2\/posts"}],"about":[{"href":"https:\/\/linitiative.ca\/International\/wp-json\/wp\/v2\/types\/post"}],"author":[{"embeddable":true,"href":"https:\/\/linitiative.ca\/International\/wp-json\/wp\/v2\/users\/1790"}],"replies":[{"embeddable":true,"href":"https:\/\/linitiative.ca\/International\/wp-json\/wp\/v2\/comments?post=71591"}],"version-history":[{"count":0,"href":"https:\/\/linitiative.ca\/International\/wp-json\/wp\/v2\/posts\/71591\/revisions"}],"wp:attachment":[{"href":"https:\/\/linitiative.ca\/International\/wp-json\/wp\/v2\/media?parent=71591"}],"wp:term":[{"taxonomy":"category","embeddable":true,"href":"https:\/\/linitiative.ca\/International\/wp-json\/wp\/v2\/categories?post=71591"},{"taxonomy":"post_tag","embeddable":true,"href":"https:\/\/linitiative.ca\/International\/wp-json\/wp\/v2\/tags?post=71591"}],"curies":[{"name":"wp","href":"https:\/\/api.w.org\/{rel}","templated":true}]}}