{"id":71593,"date":"2019-12-29T13:51:41","date_gmt":"2019-12-29T18:51:41","guid":{"rendered":"https:\/\/linitiative.ca\/International\/saida-le-president-dapc-de-sidi-amar-et-deux-autres-membres-en-detention-provisoire-pour-corruption\/"},"modified":"2019-12-29T13:51:41","modified_gmt":"2019-12-29T18:51:41","slug":"saida-le-president-dapc-de-sidi-amar-et-deux-autres-membres-en-detention-provisoire-pour-corruption","status":"publish","type":"post","link":"https:\/\/linitiative.ca\/International\/saida-le-president-dapc-de-sidi-amar-et-deux-autres-membres-en-detention-provisoire-pour-corruption\/","title":{"rendered":"Sa\u00efda: le pr\u00e9sident d\u2019APC de Sidi Amar et deux autres membres en d\u00e9tention provisoire pour corruption"},"content":{"rendered":"<p><span class=\"sp-nh-title\">Pillage des ressources du peuple sahraoui: un journaliste japonais brise le mur du silence<\/span> &#8211; <span class=\"sp-nh-date\">dimanche 29 d\u00e9cembre 2019 19:58<\/span><\/p>\n<p><span class=\"sp-nh-title\">Sa\u00efda: le pr\u00e9sident d\u2019APC de Sidi Amar et deux autres membres en d\u00e9tention provisoire pour corruption<\/span> &#8211; <span class=\"sp-nh-date\">dimanche 29 d\u00e9cembre 2019 19:51<\/span><\/p>\n<p><span class=\"sp-nh-title\">Les soldes d&rsquo;hiver d\u00e9buteront le 18 janvier prochain \u00e0 Alger<\/span> &#8211; <span class=\"sp-nh-date\">dimanche 29 d\u00e9cembre 2019 19:43<\/span><\/p>\n<p><span class=\"sp-nh-title\">C\u00e9l\u00e9bration du nouvel an : plan s\u00e9curitaire sp\u00e9cial pour assurer la s\u00e9curit\u00e9 et la s\u00e9r\u00e9nit\u00e9 publiques<\/span> &#8211; <span class=\"sp-nh-date\">dimanche 29 d\u00e9cembre 2019 19:29<\/span><\/p>\n<p><span class=\"sp-nh-title\">\u00a0Salon national du livre de Skikda : 10 maisons d\u2019\u00e9dition au rendez-vous<\/span> &#8211; <span class=\"sp-nh-date\">dimanche 29 d\u00e9cembre 2019 18:30<\/span><\/p>\n<p><span class=\"sp-nh-title\">Souk Ahras : suspension du pr\u00e9sident de l\u2019APC de M\u2019daourouch et du vice-pr\u00e9sident de l\u2019APC de Zouabi<\/span> &#8211; <span class=\"sp-nh-date\">dimanche 29 d\u00e9cembre 2019 18:28<\/span><\/p>\n<p><span class=\"sp-nh-title\">Championnats arabes de Cyclisme sur piste : l&rsquo;Alg\u00e9rie s&rsquo;offre une 3e m\u00e9daille d&rsquo;or<\/span> &#8211; <span class=\"sp-nh-date\">dimanche 29 d\u00e9cembre 2019 18:21<\/span><\/p>\n<p><span class=\"sp-nh-title\">Serport: signature d\u2019une convention pour la fabrication locale d\u2019\u00e9quipements de ports<\/span> &#8211; <span class=\"sp-nh-date\">dimanche 29 d\u00e9cembre 2019 18:15<\/span><\/p>\n<p><span class=\"sp-nh-title\">Libye: l&rsquo;envoy\u00e9 de l&rsquo;ONU condamne les frappes a\u00e9riennes contre des civils dans l&rsquo;ouest du pays<\/span> &#8211; <span class=\"sp-nh-date\">dimanche 29 d\u00e9cembre 2019 17:59<\/span><\/p>\n<p><span class=\"sp-nh-title\">Lumi\u00e8re sur la nouvelle sc\u00e8ne de la chanson amazighe , un rendez-vous pour encourager les jeunes talents \u00a0<\/span> &#8211; <span class=\"sp-nh-date\">dimanche 29 d\u00e9cembre 2019 17:41<\/span><\/p>\n<p><span class=\"sp-nh-title\">Le Pr\u00e9sident Tebboune re\u00e7oit l&rsquo;ancien chef du Gouvernement Ahmed Benbitour<\/span> &#8211; <span class=\"sp-nh-date\">dimanche 29 d\u00e9cembre 2019 17:31<\/span><\/p>\n<p><span class=\"sp-nh-title\">MM. Bouzeboudjen et Saoudi Mabrouk nomm\u00e9s respectivement directeur et chef de Cabinet du Premier ministre<\/span> &#8211; <span class=\"sp-nh-date\">dimanche 29 d\u00e9cembre 2019 16:32<\/span><\/p>\n<p><span class=\"sp-nh-title\">Appel \u00e0 la mise en place de plateformes \u00e9lectroniques pour la promotion et la commercialisation des produits d&rsquo;artisanat<\/span> &#8211; <span class=\"sp-nh-date\">dimanche 29 d\u00e9cembre 2019 16:15<\/span><\/p>\n<p><span class=\"sp-nh-title\">Alg\u00e9rie T\u00e9l\u00e9com: assurer de meilleures prestations en 2020 et doubler le chiffre d&rsquo;affaires en 4 ans<\/span> &#8211; <span class=\"sp-nh-date\">dimanche 29 d\u00e9cembre 2019 16:15<\/span><\/p>\n<p><span class=\"sp-nh-title\">Sahara occidental : l&rsquo;\u00e9tat de sant\u00e9 de Mahfouda Lefkir en d\u00e9t\u00e9rioration, alerte son p\u00e8re<\/span> &#8211; <span class=\"sp-nh-date\">dimanche 29 d\u00e9cembre 2019 15:47<\/span><\/p>\n<p><span class=\"sp-nh-title\">Ligue des champions d&rsquo;Afrique : l&rsquo;USMA et la JSK se compliquent la t\u00e2che<\/span> &#8211; <span class=\"sp-nh-date\">dimanche 29 d\u00e9cembre 2019 15:22<\/span><\/p>\n<p><span class=\"sp-nh-title\">Syrie: les forces gouvernementales poursuivent leur progression \u00e0 Idleb<\/span> &#8211; <span class=\"sp-nh-date\">dimanche 29 d\u00e9cembre 2019 14:03<\/span><\/p>\n<p><span class=\"sp-nh-title\">2019-Agriculture: la r\u00e9duction de la facture alimentaire, cheval de bataille du secteur<\/span> &#8211; <span class=\"sp-nh-date\">dimanche 29 d\u00e9cembre 2019 13:52<\/span><\/p>\n<p><span class=\"sp-nh-title\">Cyclisme\/Championnats arabes sur piste (2e j): huit nouvelles m\u00e9dailles pour l&rsquo;Alg\u00e9rie<\/span> &#8211; <span class=\"sp-nh-date\">dimanche 29 d\u00e9cembre 2019 13:44<\/span><\/p>\n<p><span class=\"sp-nh-title\">Accidents de la circulation: 5 morts et 31 bless\u00e9s en 24 heures<\/span> &#8211; <span class=\"sp-nh-date\">dimanche 29 d\u00e9cembre 2019 13:42<\/span><\/p>\n<p>Auteur:<br \/>\n<a href=\"http:\/\/www.aps.dz\/regions\/99539-saida-le-president-d-apc-de-sidi-amar-et-deux-autres-membres-en-detention-provisoire-pour-corruption\">Cliquez ici pour lire l&rsquo;article depuis sa source.<\/a><\/p>\n","protected":false},"excerpt":{"rendered":"<p>Pillage des ressources du peuple sahraoui: un journaliste japonais brise le mur du silence &#8211; dimanche 29 d\u00e9cembre 2019 19:58 Sa\u00efda: le pr\u00e9sident d\u2019APC de Sidi Amar et deux autres membres en d\u00e9tention provisoire pour corruption &#8211; dimanche 29 d\u00e9cembre 2019 19:51 Les soldes d&rsquo;hiver d\u00e9buteront le 18 janvier prochain \u00e0 Alger &#8211; dimanche 29 [&hellip;]<\/p>\n","protected":false},"author":1790,"featured_media":0,"comment_status":"closed","ping_status":"closed","sticky":false,"template":"","format":"standard","meta":{"fifu_image_url":"","fifu_image_alt":"","footnotes":""},"categories":[53,76],"tags":[],"class_list":["post-71593","post","type-post","status-publish","format-standard","hentry","category-algerie","category-regions"],"_links":{"self":[{"href":"https:\/\/linitiative.ca\/International\/wp-json\/wp\/v2\/posts\/71593","targetHints":{"allow":["GET"]}}],"collection":[{"href":"https:\/\/linitiative.ca\/International\/wp-json\/wp\/v2\/posts"}],"about":[{"href":"https:\/\/linitiative.ca\/International\/wp-json\/wp\/v2\/types\/post"}],"author":[{"embeddable":true,"href":"https:\/\/linitiative.ca\/International\/wp-json\/wp\/v2\/users\/1790"}],"replies":[{"embeddable":true,"href":"https:\/\/linitiative.ca\/International\/wp-json\/wp\/v2\/comments?post=71593"}],"version-history":[{"count":0,"href":"https:\/\/linitiative.ca\/International\/wp-json\/wp\/v2\/posts\/71593\/revisions"}],"wp:attachment":[{"href":"https:\/\/linitiative.ca\/International\/wp-json\/wp\/v2\/media?parent=71593"}],"wp:term":[{"taxonomy":"category","embeddable":true,"href":"https:\/\/linitiative.ca\/International\/wp-json\/wp\/v2\/categories?post=71593"},{"taxonomy":"post_tag","embeddable":true,"href":"https:\/\/linitiative.ca\/International\/wp-json\/wp\/v2\/tags?post=71593"}],"curies":[{"name":"wp","href":"https:\/\/api.w.org\/{rel}","templated":true}]}}