{"id":71596,"date":"2019-12-29T15:14:12","date_gmt":"2019-12-29T20:14:12","guid":{"rendered":"https:\/\/linitiative.ca\/International\/pros-atal-dans-lequipe-type-2019-du-quotidien-lequipe\/"},"modified":"2019-12-29T15:14:12","modified_gmt":"2019-12-29T20:14:12","slug":"pros-atal-dans-lequipe-type-2019-du-quotidien-lequipe","status":"publish","type":"post","link":"https:\/\/linitiative.ca\/International\/pros-atal-dans-lequipe-type-2019-du-quotidien-lequipe\/","title":{"rendered":"Pros : Atal dans l\u2019\u00e9quipe-type 2019 du quotidien L\u2019Equipe"},"content":{"rendered":"<div readability=\"32\">\n<p>Auteur : <span class=\"time\">dimanche 29 d\u00e9cembre 2019 18:58<\/span><\/p>\n<\/div>\n<div id=\"post_core\" readability=\"41\">\n<p>Auteur de belles prestations cette ann\u00e9e avec l\u2019OGC Nice, Youcef Atal figure dans l\u2019\u00e9quipe-type de la Ligue 1 Conforama pour cette ann\u00e9e 2019 r\u00e9alis\u00e9e par le quotidien fran\u00e7ais, l\u2019Equipe. Le joueur de l\u2019EN a ainsi, \u00e9t\u00e9 r\u00e9compens\u00e9 pour sa tr\u00e8s bonne ann\u00e9e r\u00e9alis\u00e9e avec la formation ni\u00e7oise et ce en d\u00e9pit de ses blessures contract\u00e9es ces derniers mois et qui l\u2019ont \u00e9loign\u00e9 pendant un bon moment des terrains: \u00abYoucef Atal a tent\u00e9 (244) et r\u00e9ussi (98) le plus de dribles en Ligue 1 en 2019. Il a \u00e9t\u00e9 align\u00e9 tant\u00f4t ailier gauche, tant\u00f4t ailier droit, mais c\u2019est le poste de lat\u00e9ral qui a sa pr\u00e9f\u00e9rence. Il lui permet de se projeter avec une rapidit\u00e9 d\u00e9sarmante et d\u2019apporter le danger \u00e0 chaque mont\u00e9e ou presque.\u00a0 Bless\u00e9 \u00e0 un genou, il va beaucoup manqu\u00e9 au Gym durant les premiers mois de 2020.\u00bb lit-on dans les colonnes de l\u2019Equipe a propos de Youcef Atal.<\/p>\n<p><strong>Publi\u00e9 dans :<\/strong> <span>Atal<\/span><\/p>\n<\/div>\n<p>Auteur:<br \/>\n<a href=\"http:\/\/www.lebuteur.com\/article\/detail?titre=atal-dans-lequipe-type-2019-du-quotidien-lequipe&#038;id=93874&#038;utm_source=feedburner&#038;utm_medium=feed&#038;utm_campaign=Feed%3A+GalerieFArtciles+%28Les+derniers+articles++-+lebuteur.com%29\">Cliquez ici pour lire l&rsquo;article depuis sa source.<\/a><\/p>\n","protected":false},"excerpt":{"rendered":"<p>Auteur : dimanche 29 d\u00e9cembre 2019 18:58 Auteur de belles prestations cette ann\u00e9e avec l\u2019OGC Nice, Youcef Atal figure dans l\u2019\u00e9quipe-type de la Ligue 1 Conforama pour cette ann\u00e9e 2019 r\u00e9alis\u00e9e par le quotidien fran\u00e7ais, l\u2019Equipe. Le joueur de l\u2019EN a ainsi, \u00e9t\u00e9 r\u00e9compens\u00e9 pour sa tr\u00e8s bonne ann\u00e9e r\u00e9alis\u00e9e avec la formation ni\u00e7oise et [&hellip;]<\/p>\n","protected":false},"author":1738,"featured_media":71597,"comment_status":"closed","ping_status":"closed","sticky":false,"template":"","format":"standard","meta":{"fifu_image_url":"","fifu_image_alt":"","footnotes":""},"categories":[53,75],"tags":[],"class_list":["post-71596","post","type-post","status-publish","format-standard","has-post-thumbnail","hentry","category-algerie","category-sport"],"_links":{"self":[{"href":"https:\/\/linitiative.ca\/International\/wp-json\/wp\/v2\/posts\/71596","targetHints":{"allow":["GET"]}}],"collection":[{"href":"https:\/\/linitiative.ca\/International\/wp-json\/wp\/v2\/posts"}],"about":[{"href":"https:\/\/linitiative.ca\/International\/wp-json\/wp\/v2\/types\/post"}],"author":[{"embeddable":true,"href":"https:\/\/linitiative.ca\/International\/wp-json\/wp\/v2\/users\/1738"}],"replies":[{"embeddable":true,"href":"https:\/\/linitiative.ca\/International\/wp-json\/wp\/v2\/comments?post=71596"}],"version-history":[{"count":0,"href":"https:\/\/linitiative.ca\/International\/wp-json\/wp\/v2\/posts\/71596\/revisions"}],"wp:featuredmedia":[{"embeddable":true,"href":"https:\/\/linitiative.ca\/International\/wp-json\/"}],"wp:attachment":[{"href":"https:\/\/linitiative.ca\/International\/wp-json\/wp\/v2\/media?parent=71596"}],"wp:term":[{"taxonomy":"category","embeddable":true,"href":"https:\/\/linitiative.ca\/International\/wp-json\/wp\/v2\/categories?post=71596"},{"taxonomy":"post_tag","embeddable":true,"href":"https:\/\/linitiative.ca\/International\/wp-json\/wp\/v2\/tags?post=71596"}],"curies":[{"name":"wp","href":"https:\/\/api.w.org\/{rel}","templated":true}]}}