{"id":71602,"date":"2019-12-29T15:14:17","date_gmt":"2019-12-29T20:14:17","guid":{"rendered":"https:\/\/linitiative.ca\/International\/pros-premier-league-mahrez-et-liverpool-se-reprennent-face-a-sheffield\/"},"modified":"2019-12-29T15:14:17","modified_gmt":"2019-12-29T20:14:17","slug":"pros-premier-league-mahrez-et-liverpool-se-reprennent-face-a-sheffield","status":"publish","type":"post","link":"https:\/\/linitiative.ca\/International\/pros-premier-league-mahrez-et-liverpool-se-reprennent-face-a-sheffield\/","title":{"rendered":"Pros : Premier League : Mahrez et Liverpool se reprennent face \u00e0 Sheffield"},"content":{"rendered":"<div readability=\"32\">\n<p>Auteur : <span class=\"time\">dimanche 29 d\u00e9cembre 2019 21:01<\/span><\/p>\n<\/div>\n<div id=\"post_core\" readability=\"44\">\n<p>Battu par Wolverhampton (2-3) vendredi, Manchester City a renou\u00e9 avec la victoire ce dimanche face \u00e0 Sheffield United (2-0) dans le cadre de la 20e journ\u00e9e de Premier League. Pour son retour comme titulaire, Ag\u00fcero (53e) a \u00e9t\u00e9 l&rsquo;auteur de l&rsquo;ouverture du score avant un second but en fin de match de De Bruyne (82e) comme l&rsquo;indique Maxifoot.<\/p>\n<p>Au classement, City occupe la 3e place avec 14 points de retard sur le leader, Liverpool qui compte un match en retard.<\/p>\n<p><strong>Publi\u00e9 dans :<\/strong> <span>Manchester City<\/span><\/p>\n<\/div>\n<p>Auteur:<br \/>\n<a href=\"http:\/\/www.lebuteur.com\/article\/detail?titre=premier-league-mahrez-et-liverpool-se-reprennent-face-a-sheffield&#038;id=93877&#038;utm_source=feedburner&#038;utm_medium=feed&#038;utm_campaign=Feed%3A+GalerieFArtciles+%28Les+derniers+articles++-+lebuteur.com%29\">Cliquez ici pour lire l&rsquo;article depuis sa source.<\/a><\/p>\n","protected":false},"excerpt":{"rendered":"<p>Auteur : dimanche 29 d\u00e9cembre 2019 21:01 Battu par Wolverhampton (2-3) vendredi, Manchester City a renou\u00e9 avec la victoire ce dimanche face \u00e0 Sheffield United (2-0) dans le cadre de la 20e journ\u00e9e de Premier League. Pour son retour comme titulaire, Ag\u00fcero (53e) a \u00e9t\u00e9 l&rsquo;auteur de l&rsquo;ouverture du score avant un second but en [&hellip;]<\/p>\n","protected":false},"author":1738,"featured_media":71603,"comment_status":"closed","ping_status":"closed","sticky":false,"template":"","format":"standard","meta":{"fifu_image_url":"","fifu_image_alt":"","footnotes":""},"categories":[53,75],"tags":[],"class_list":["post-71602","post","type-post","status-publish","format-standard","has-post-thumbnail","hentry","category-algerie","category-sport"],"_links":{"self":[{"href":"https:\/\/linitiative.ca\/International\/wp-json\/wp\/v2\/posts\/71602","targetHints":{"allow":["GET"]}}],"collection":[{"href":"https:\/\/linitiative.ca\/International\/wp-json\/wp\/v2\/posts"}],"about":[{"href":"https:\/\/linitiative.ca\/International\/wp-json\/wp\/v2\/types\/post"}],"author":[{"embeddable":true,"href":"https:\/\/linitiative.ca\/International\/wp-json\/wp\/v2\/users\/1738"}],"replies":[{"embeddable":true,"href":"https:\/\/linitiative.ca\/International\/wp-json\/wp\/v2\/comments?post=71602"}],"version-history":[{"count":0,"href":"https:\/\/linitiative.ca\/International\/wp-json\/wp\/v2\/posts\/71602\/revisions"}],"wp:featuredmedia":[{"embeddable":true,"href":"https:\/\/linitiative.ca\/International\/wp-json\/"}],"wp:attachment":[{"href":"https:\/\/linitiative.ca\/International\/wp-json\/wp\/v2\/media?parent=71602"}],"wp:term":[{"taxonomy":"category","embeddable":true,"href":"https:\/\/linitiative.ca\/International\/wp-json\/wp\/v2\/categories?post=71602"},{"taxonomy":"post_tag","embeddable":true,"href":"https:\/\/linitiative.ca\/International\/wp-json\/wp\/v2\/tags?post=71602"}],"curies":[{"name":"wp","href":"https:\/\/api.w.org\/{rel}","templated":true}]}}