{"id":71604,"date":"2019-12-29T15:18:58","date_gmt":"2019-12-29T20:18:58","guid":{"rendered":"https:\/\/linitiative.ca\/International\/eclairage-cap-sur-les-reformes\/"},"modified":"2019-12-29T15:18:58","modified_gmt":"2019-12-29T20:18:58","slug":"eclairage-cap-sur-les-reformes","status":"publish","type":"post","link":"https:\/\/linitiative.ca\/International\/eclairage-cap-sur-les-reformes\/","title":{"rendered":"Eclairage : cap sur  les R\u00e9formes"},"content":{"rendered":"<p>La croissance devrait reprendre en 2020 apr\u00e8s un ralentissement marqu\u00e9 en 2019, soutenue par l&rsquo;am\u00e9lioration des activit\u00e9s p\u00e9troli\u00e8res et non p\u00e9troli\u00e8res et la hausse des exportations. Rien n\u2019est tout \u00e0 fait perdu. Cette tendance relativement haussi\u00e8re tient en grande partie \u00e0 une reprise des activit\u00e9s hors hydrocarbures, au moment o\u00f9 le pays a proc\u00e9d\u00e9 au r\u00e9\u00e9quilibrage budg\u00e9taire dans le cadre de la loi de finances pour 2020. Il convient de rappeler que la croissance ayant atteint son niveau le plus bas ces deux derni\u00e8res ann\u00e9es et les perspectives globales ont subi des changements importants par rapport aux ann\u00e9es pr\u00e9c\u00e9dentes. Malgr\u00e9 la reprise pr\u00e9vue pour 2020, l\u2019activit\u00e9 \u00e9conomique devrait demeurer faible sur le court terme par rapport \u00e0 ses niveaux d\u2019avant. La reprise devrait intervenir plus rapidement apr\u00e8s sous l\u2019effet, entre autres, du ralentissement du r\u00e9\u00e9quilibrage budg\u00e9taire et gr\u00e2ce \u00e0 l\u2019augmentation des d\u00e9penses d\u2019investissement. Le r\u00e9\u00e9quilibrage budg\u00e9taire, devrait \u00eatre maintenu par l\u2019augmentation\u00a0 de l\u2019efficience des d\u00e9penses et la mise en \u0153uvre des r\u00e9formes \u00e9conomiques. Cela dit, la persistance des risques mena\u00e7ant la reprise \u00e9conomique est l\u00e0. Le redressement de la croissance devrait se poursuivre sous l&rsquo;effet combin\u00e9 des r\u00e9formes en cours, du regain de confiance des op\u00e9rateurs \u00e9conomiques et de la progression continue de la demande ext\u00e9rieure. La poursuite du renforcement des perspectives au plan international va continuer d\u2019appuyer l\u2019activit\u00e9 \u00e9conomique par le biais des exportations et de l\u2019investissement direct \u00e9tranger. Le\u2008gouvernement, avec \u00e0 sa t\u00eate Abdelaziz Djerad, devrait aussi mettre en place des politiques d&#8217;emploi et de r\u00e9mun\u00e9ration dans le public qui soient viables sur le plan budg\u00e9taire. Pour le moment, le pays reste \u00e0 la tra\u00eene en termes de r\u00e9sultats socio-\u00e9conomiques et le ch\u00f4mage demeure \u00e9lev\u00e9, ce qui a fauss\u00e9 la donne sur les march\u00e9s du travail et n\u2019a pas permis d\u2019accro\u00eetre les investissements consacr\u00e9s \u00e0 l\u2019infrastructure.\u00a0 En plus d\u2019am\u00e9liorer l\u2019efficience et la qualit\u00e9 des prestations de service public, et de supprimer les distorsions du march\u00e9 du travail, des mesures sont n\u00e9cessaires pour encourager la croissance et la cr\u00e9ation d\u2019emploi dans le priv\u00e9, g\u00e9n\u00e9rant ainsi une source d\u2019emploi plus durable pour les millions de jeunes entrant chaque ann\u00e9e sur le march\u00e9 du travail. La programmation des r\u00e9formes doit aussi avoir pour objectif le renforcement du secteur priv\u00e9, la diversification de l\u2019\u00e9conomie, la consolidation de la gouvernance, et l&rsquo;am\u00e9lioration du climat des affaires. L\u2019Alg\u00e9rie devrait s\u2019engager dans un processus d\u2019ajustement et de r\u00e9formes \u00e9conomiques et sociales. Il est urgent d\u2019aller vers une stabilisation macro\u00e9conomique. Une fois install\u00e9, le nouveau gouvernement devrait aussit\u00f4t mettre en \u0153uvre un programme de r\u00e9formes \u00e9conomiques et sociales afin de faire face aux d\u00e9fis de la croissance et du d\u00e9ficit social. Il s\u2019agit de mettre en place les conditions d\u2019une croissance \u00e9conomique forte, \u00e0 m\u00eame de g\u00e9n\u00e9rer des emplois, et de r\u00e9sorber progressivement les d\u00e9ficits sociaux accumul\u00e9s au cours des derni\u00e8res ann\u00e9es, tout en respectant les exigences de r\u00e9alisation des \u00e9quilibres financiers int\u00e9rieur et ext\u00e9rieur ; le d\u00e9veloppement du secteur priv\u00e9 par l\u2019am\u00e9lioration de l\u2019environnement des affaires et l\u2019acc\u00e8s au financement et ainsi l\u2019encouragement des investissements. \u00c0 vrai dire, le processus de r\u00e9formes \u00e9conomiques et sociales requiert un approfondissement. La r\u00e9sorption des d\u00e9ficits sociaux, la r\u00e9forme fiscale, l\u2019\u00e9largissement de la base productive des secteurs hors hydrocarbures, le d\u00e9veloppement du partenariat public-priv\u00e9 pour cr\u00e9er les conditions d\u2019une croissance plus forte, sont autant de dossiers qui seront sans doute inscrits au titre du programme de r\u00e9formes que le gouvernement Djerad est appel\u00e9 \u00e0 r\u00e9aliser. \u00a0\u00a0\u00a0 \u00a0\u00a0\u00a0 \u00a0\u00a0\u00a0 \u00a0\u00a0\u00a0 \u00a0\u00a0\u00a0\u00a0\u00a0\u00a0\u00a0\u00a0\u00a0\u00a0 Farid Bouyahia<br \/>\u00a0<\/p>\n<p>Auteur: elmoudjahid<br \/>\n<a href=\"http:\/\/www.elmoudjahid.com\/fr\/actualites\/146455\">Cliquez ici pour lire l&rsquo;article depuis sa source.<\/a><\/p>\n","protected":false},"excerpt":{"rendered":"<p>La croissance devrait reprendre en 2020 apr\u00e8s un ralentissement marqu\u00e9 en 2019, soutenue par l&rsquo;am\u00e9lioration des activit\u00e9s p\u00e9troli\u00e8res et non p\u00e9troli\u00e8res et la hausse des exportations. Rien n\u2019est tout \u00e0 fait perdu. Cette tendance relativement haussi\u00e8re tient en grande partie \u00e0 une reprise des activit\u00e9s hors hydrocarbures, au moment o\u00f9 le pays a proc\u00e9d\u00e9 au [&hellip;]<\/p>\n","protected":false},"author":1744,"featured_media":0,"comment_status":"closed","ping_status":"closed","sticky":false,"template":"","format":"standard","meta":{"fifu_image_url":"","fifu_image_alt":"","footnotes":""},"categories":[73,53],"tags":[],"class_list":["post-71604","post","type-post","status-publish","format-standard","hentry","category-actualite","category-algerie"],"_links":{"self":[{"href":"https:\/\/linitiative.ca\/International\/wp-json\/wp\/v2\/posts\/71604","targetHints":{"allow":["GET"]}}],"collection":[{"href":"https:\/\/linitiative.ca\/International\/wp-json\/wp\/v2\/posts"}],"about":[{"href":"https:\/\/linitiative.ca\/International\/wp-json\/wp\/v2\/types\/post"}],"author":[{"embeddable":true,"href":"https:\/\/linitiative.ca\/International\/wp-json\/wp\/v2\/users\/1744"}],"replies":[{"embeddable":true,"href":"https:\/\/linitiative.ca\/International\/wp-json\/wp\/v2\/comments?post=71604"}],"version-history":[{"count":0,"href":"https:\/\/linitiative.ca\/International\/wp-json\/wp\/v2\/posts\/71604\/revisions"}],"wp:attachment":[{"href":"https:\/\/linitiative.ca\/International\/wp-json\/wp\/v2\/media?parent=71604"}],"wp:term":[{"taxonomy":"category","embeddable":true,"href":"https:\/\/linitiative.ca\/International\/wp-json\/wp\/v2\/categories?post=71604"},{"taxonomy":"post_tag","embeddable":true,"href":"https:\/\/linitiative.ca\/International\/wp-json\/wp\/v2\/tags?post=71604"}],"curies":[{"name":"wp","href":"https:\/\/api.w.org\/{rel}","templated":true}]}}