{"id":71606,"date":"2019-12-29T15:19:02","date_gmt":"2019-12-29T20:19:02","guid":{"rendered":"https:\/\/linitiative.ca\/International\/commentaire-lamorce-du-renouveau\/"},"modified":"2019-12-29T15:19:02","modified_gmt":"2019-12-29T20:19:02","slug":"commentaire-lamorce-du-renouveau","status":"publish","type":"post","link":"https:\/\/linitiative.ca\/International\/commentaire-lamorce-du-renouveau\/","title":{"rendered":"Commentaire : L\u2019amorce  du renouveau"},"content":{"rendered":"<p>Dix jours apr\u00e8s l\u2019\u00e9lection du pr\u00e9sident de la R\u00e9publique, le jeudi 12 d\u00e9cembre dernier, un nouveau Premier ministre est d\u00e9sign\u00e9 pour conduire l\u2019\u00e9quipe gouvernementale. Le choix du chef de l\u2019Etat s\u2019est port\u00e9, conform\u00e9ment \u00e0 un de ses engagements, sur un universitaire parmi les comp\u00e9tences nationales int\u00e8gres et exp\u00e9riment\u00e9es. Ainsi, l\u2019Alg\u00e9rie commencera la nouvelle ann\u00e9e 2020 avec un nouveau gouvernement de cadres et de comp\u00e9tences pour relever les d\u00e9fis de la conjoncture, r\u00e9gler les probl\u00e8mes de l\u2019heure et lancer chantiers prioritaires dans tous les secteurs d\u2019activit\u00e9.<br \/>Cette semaine, les regards seront braqu\u00e9s sur la nouvelle composante de l\u2019Ex\u00e9cutif qui sera annonc\u00e9e par la pr\u00e9sidence de la R\u00e9publique. Une \u00e9quipe qui aura les faveurs et la confiance du chef de l\u2019Etat pour mettre en \u0153uvre l\u2019ambitieux et r\u00e9aliste programme qui a \u00e9t\u00e9 choisi par le peuple le 12 d\u00e9cembre dernier. C\u2019est sur cette \u00e9quipe de personnalit\u00e9s et cadres aux comp\u00e9tences av\u00e9r\u00e9es, doubl\u00e9es d\u2019exp\u00e9riences non n\u00e9gligeables, que reposera l\u2019espoir de la conduite des affaires publiques, la concr\u00e9tisation des r\u00eaves et attentes des citoyens. L\u2019\u00e9dification de l\u2019Alg\u00e9rie nouvelle, en b\u00e2tissant une \u00e9conomie forte et comp\u00e9titive, et le lancement de tous les chantiers du d\u00e9veloppement dans tous les domaines et secteurs d\u2019activit\u00e9. C\u2019est \u00e0 ce nouvel Ex\u00e9cutif qu\u2019\u00e9choit la mission de la mise en application des engagements pris publiquement par le chef de l\u2019Etat dans son discours d\u2019investiture et qui commencent \u00e0 se concr\u00e9tiser sur le terrain. Les d\u00e9clarations faites par le premier magistrat du pays lors de l\u2019inauguration de la Foire de la production alg\u00e9rienne ont montr\u00e9 la voie et donn\u00e9 un aper\u00e7u de la politique qui sera mise en \u0153uvre durant les prochaines semaines et mois.<br \/>Il faut dire que le processus de r\u00e8glement de la crise, entam\u00e9 depuis l\u2019annonce de la tenue du scrutin pr\u00e9sidentiel du 12 d\u00e9cembre dernier, est entr\u00e9 actuellement dans la phase de mise en \u0153uvre de solutions pratiques et efficaces gr\u00e2ce au plan d\u2019action engag\u00e9 par le chef de l\u2019Etat.<br \/>Depuis l\u2019investiture du pr\u00e9sident de la R\u00e9publique, il y a une dizaine de jours, l\u2019Alg\u00e9rie a tourn\u00e9 d\u00e9finitivement la page de la crise et des turbulences pour entamer une nouvelle \u00e8re, celle de l\u2019espoir, de l\u2019ambition, de l\u2019\u00e9dification et de la construction du pays sur des bases saines, rationnelles et transparentes. La nouvelle strat\u00e9gie d\u2019\u00e9dification de l\u2019Alg\u00e9rie est d\u00e9sormais en marche avec l\u2019installation, prochainement, de l\u2019\u00e9quipe des b\u00e2tisseurs choisie parmi les comp\u00e9tences anim\u00e9es par la volont\u00e9 de conduire le pays vers le d\u00e9veloppement et le progr\u00e8s et servir les int\u00e9r\u00eats supr\u00eames du pays, mais aussi r\u00e9pondre favorablement aux attentes et aspirations du peuple alg\u00e9rien. Sans trop tarder, l\u2019Ex\u00e9cutif, une fois investi et d\u00e9sign\u00e9, entamera sa mission d\u00e8s son installation pour concr\u00e9tiser sur le terrain les engagements du pr\u00e9sident de la R\u00e9publique et appliquer son programme d\u2019action, dont les grandes lignes ont d\u00e9j\u00e0 \u00e9t\u00e9 d\u00e9clin\u00e9es et d\u00e9voil\u00e9es dans son discours d\u2019investiture, le 19 d\u00e9cembre dernier. La premi\u00e8re mission du nouvel Ex\u00e9cutif est incontestablement de faire rena\u00eetre l\u2019espoir, \u00e0 travers un programme \u00e9conomique et social ambitieux et r\u00e9aliste qui favorisera la prise en charge concr\u00e8te des pr\u00e9occupations des citoyens. Il s\u2019agit principalement de r\u00e9pondre favorablement aux attentes exprim\u00e9es par les populations qui aspirent \u00e0 un avenir radieux et \u00e0 une vie meilleure dans une Alg\u00e9rie forte et prosp\u00e8re. La concr\u00e9tisation de cet objectif passe in\u00e9vitablement par l\u2019application stricte, rapide et concr\u00e8te, par la nouvelle \u00e9quipe gouvernementale, des engagements annonc\u00e9s par le pr\u00e9sident de la R\u00e9publique. Il est vrai que la t\u00e2che est lourde et les d\u00e9fis et enjeux sont importants, mais l\u2019Alg\u00e9rie dispose ind\u00e9niablement de grandes potentialit\u00e9s tant mat\u00e9rielles qu\u2019humaines pour relever le d\u00e9fi et r\u00e9ussir le challenge de b\u00e2tir un nouveau mod\u00e8le \u00e9conomique et social, comme \u00e9nonc\u00e9 par le pr\u00e9sident de la R\u00e9publique, capable de r\u00e9pondre aux aspirations du peuple alg\u00e9rien et de mener l\u2019Alg\u00e9rie \u00e0 bon port. Le cap est d\u00e9sormais fix\u00e9 et la voie est trac\u00e9e par le chef de l\u2019Etat. A la nouvelle \u00e9quipe gouvernementale et autres institutions de mettre en \u0153uvre la politique de redressement national dans tous les domaines et secteurs, notamment \u00e9conomiques et sociaux.<br \/>L\u2019Alg\u00e9rie entamera d\u00e9sormais l\u2019ann\u00e9e 2020 avec un nouveau gouvernement de comp\u00e9tences, d\u00e9vou\u00e9es et engag\u00e9es pour l\u2019\u00e9dification d\u2019un pays d\u00e9velopp\u00e9 et prosp\u00e8re tourn\u00e9 vers le futur et le progr\u00e8s. Une page est d\u00e9finitivement tourn\u00e9e dans l\u2019histoire du pays, une autre s\u2019ouvre avec espoir et optimisme pour b\u00e2tir une nouvelle Alg\u00e9rie ambitieuse et prosp\u00e8re.<br \/><strong>M. Oumalek<\/strong><\/p>\n<p>Auteur: elmoudjahid<br \/>\n<a href=\"http:\/\/www.elmoudjahid.com\/fr\/actualites\/146457\">Cliquez ici pour lire l&rsquo;article depuis sa source.<\/a><\/p>\n","protected":false},"excerpt":{"rendered":"<p>Dix jours apr\u00e8s l\u2019\u00e9lection du pr\u00e9sident de la R\u00e9publique, le jeudi 12 d\u00e9cembre dernier, un nouveau Premier ministre est d\u00e9sign\u00e9 pour conduire l\u2019\u00e9quipe gouvernementale. Le choix du chef de l\u2019Etat s\u2019est port\u00e9, conform\u00e9ment \u00e0 un de ses engagements, sur un universitaire parmi les comp\u00e9tences nationales int\u00e8gres et exp\u00e9riment\u00e9es. Ainsi, l\u2019Alg\u00e9rie commencera la nouvelle ann\u00e9e 2020 [&hellip;]<\/p>\n","protected":false},"author":1744,"featured_media":0,"comment_status":"closed","ping_status":"closed","sticky":false,"template":"","format":"standard","meta":{"fifu_image_url":"","fifu_image_alt":"","footnotes":""},"categories":[73,53],"tags":[],"class_list":["post-71606","post","type-post","status-publish","format-standard","hentry","category-actualite","category-algerie"],"_links":{"self":[{"href":"https:\/\/linitiative.ca\/International\/wp-json\/wp\/v2\/posts\/71606","targetHints":{"allow":["GET"]}}],"collection":[{"href":"https:\/\/linitiative.ca\/International\/wp-json\/wp\/v2\/posts"}],"about":[{"href":"https:\/\/linitiative.ca\/International\/wp-json\/wp\/v2\/types\/post"}],"author":[{"embeddable":true,"href":"https:\/\/linitiative.ca\/International\/wp-json\/wp\/v2\/users\/1744"}],"replies":[{"embeddable":true,"href":"https:\/\/linitiative.ca\/International\/wp-json\/wp\/v2\/comments?post=71606"}],"version-history":[{"count":0,"href":"https:\/\/linitiative.ca\/International\/wp-json\/wp\/v2\/posts\/71606\/revisions"}],"wp:attachment":[{"href":"https:\/\/linitiative.ca\/International\/wp-json\/wp\/v2\/media?parent=71606"}],"wp:term":[{"taxonomy":"category","embeddable":true,"href":"https:\/\/linitiative.ca\/International\/wp-json\/wp\/v2\/categories?post=71606"},{"taxonomy":"post_tag","embeddable":true,"href":"https:\/\/linitiative.ca\/International\/wp-json\/wp\/v2\/tags?post=71606"}],"curies":[{"name":"wp","href":"https:\/\/api.w.org\/{rel}","templated":true}]}}