{"id":71607,"date":"2019-12-29T15:19:04","date_gmt":"2019-12-29T20:19:04","guid":{"rendered":"https:\/\/linitiative.ca\/International\/consultations-avec-les-competences-nationales-le-president-recoit-lancien-chef-du-gouvernement-ahmed-benbitour\/"},"modified":"2019-12-29T15:19:04","modified_gmt":"2019-12-29T20:19:04","slug":"consultations-avec-les-competences-nationales-le-president-recoit-lancien-chef-du-gouvernement-ahmed-benbitour","status":"publish","type":"post","link":"https:\/\/linitiative.ca\/International\/consultations-avec-les-competences-nationales-le-president-recoit-lancien-chef-du-gouvernement-ahmed-benbitour\/","title":{"rendered":"Consultations avec les comp\u00e9tences nationales  : Le Pr\u00e9sident  re\u00e7oit l\u2019ancien Chef du gouvernement Ahmed Benbitour"},"content":{"rendered":"<p>Le Pr\u00e9sident de la R\u00e9publique, Abdelmadjid Tebboune, a re\u00e7u hier au si\u00e8ge de la pr\u00e9sidence de la R\u00e9publique, l&rsquo;ancien Chef du gouvernement, Ahmed Benbitour, a indiqu\u00e9 un communiqu\u00e9 de la pr\u00e9sidence de la R\u00e9publique.<br \/>\u00abLe Pr\u00e9sident de la R\u00e9publique, M.\u2008Abdelmadjid Tebboune, a re\u00e7u, au si\u00e8ge de la pr\u00e9sidence de la R\u00e9publique, M. Ahmed Benbitour, ancien Chef du gouvernement\u00bb, pr\u00e9cise le communiqu\u00e9.<br \/>\u00abCette rencontre de consultation a permis de passer en revue la situation g\u00e9n\u00e9rale du pays, sa situation \u00e9conomique ainsi que les perspectives d&rsquo;une action s\u00e9rieuse pour la mobilisation des comp\u00e9tences nationales et des bonnes volont\u00e9s en vue d&rsquo;asseoir les bases de la nouvelle R\u00e9publique\u00bb, ajoute la m\u00eame source.<br \/>\u00a0<\/p>\n<p>Auteur: elmoudjahid<br \/>\n<a href=\"http:\/\/www.elmoudjahid.com\/fr\/actualites\/146458\">Cliquez ici pour lire l&rsquo;article depuis sa source.<\/a><\/p>\n","protected":false},"excerpt":{"rendered":"<p>Le Pr\u00e9sident de la R\u00e9publique, Abdelmadjid Tebboune, a re\u00e7u hier au si\u00e8ge de la pr\u00e9sidence de la R\u00e9publique, l&rsquo;ancien Chef du gouvernement, Ahmed Benbitour, a indiqu\u00e9 un communiqu\u00e9 de la pr\u00e9sidence de la R\u00e9publique.\u00abLe Pr\u00e9sident de la R\u00e9publique, M.\u2008Abdelmadjid Tebboune, a re\u00e7u, au si\u00e8ge de la pr\u00e9sidence de la R\u00e9publique, M. Ahmed Benbitour, ancien Chef [&hellip;]<\/p>\n","protected":false},"author":1744,"featured_media":0,"comment_status":"closed","ping_status":"closed","sticky":false,"template":"","format":"standard","meta":{"fifu_image_url":"","fifu_image_alt":"","footnotes":""},"categories":[73,53],"tags":[],"class_list":["post-71607","post","type-post","status-publish","format-standard","hentry","category-actualite","category-algerie"],"_links":{"self":[{"href":"https:\/\/linitiative.ca\/International\/wp-json\/wp\/v2\/posts\/71607","targetHints":{"allow":["GET"]}}],"collection":[{"href":"https:\/\/linitiative.ca\/International\/wp-json\/wp\/v2\/posts"}],"about":[{"href":"https:\/\/linitiative.ca\/International\/wp-json\/wp\/v2\/types\/post"}],"author":[{"embeddable":true,"href":"https:\/\/linitiative.ca\/International\/wp-json\/wp\/v2\/users\/1744"}],"replies":[{"embeddable":true,"href":"https:\/\/linitiative.ca\/International\/wp-json\/wp\/v2\/comments?post=71607"}],"version-history":[{"count":0,"href":"https:\/\/linitiative.ca\/International\/wp-json\/wp\/v2\/posts\/71607\/revisions"}],"wp:attachment":[{"href":"https:\/\/linitiative.ca\/International\/wp-json\/wp\/v2\/media?parent=71607"}],"wp:term":[{"taxonomy":"category","embeddable":true,"href":"https:\/\/linitiative.ca\/International\/wp-json\/wp\/v2\/categories?post=71607"},{"taxonomy":"post_tag","embeddable":true,"href":"https:\/\/linitiative.ca\/International\/wp-json\/wp\/v2\/tags?post=71607"}],"curies":[{"name":"wp","href":"https:\/\/api.w.org\/{rel}","templated":true}]}}