{"id":71608,"date":"2019-12-29T15:19:06","date_gmt":"2019-12-29T20:19:06","guid":{"rendered":"https:\/\/linitiative.ca\/International\/premier-ministere-mm-bouzeboudjen-et-saoudi-mabrouk-nommes-respectivement-directeur-et-chef-de-cabinet-du-premier-ministre\/"},"modified":"2019-12-29T15:19:06","modified_gmt":"2019-12-29T20:19:06","slug":"premier-ministere-mm-bouzeboudjen-et-saoudi-mabrouk-nommes-respectivement-directeur-et-chef-de-cabinet-du-premier-ministre","status":"publish","type":"post","link":"https:\/\/linitiative.ca\/International\/premier-ministere-mm-bouzeboudjen-et-saoudi-mabrouk-nommes-respectivement-directeur-et-chef-de-cabinet-du-premier-ministre\/","title":{"rendered":"Premier minist\u00e8re : MM. Bouzeboudjen et Saoudi Mabrouk nomm\u00e9s respectivement directeur et chef de Cabinet du Premier ministre"},"content":{"rendered":"<p>Le Premier ministre, Abdelaziz Djerad, a proc\u00e9d\u00e9, hier, \u00e0 la nomination de MM. Brahim Bouzeboudjen et Mohamed Lamine Saoudi Mabrouk en qualit\u00e9 respectivement de directeur de Cabinet et de chef de Cabinet, indique un communiqu\u00e9 des services du Premier ministre.\u00a0\u00a0 \u00abLe Premier ministre, Monsieur Abdelaziz Djerad, a proc\u00e9d\u00e9 \u00e0 la nomination et \u00e0 l&rsquo;installation de Messieurs Brahim Bouzeboudjen et Mohamed Lamine Saoudi Mabrouk en qualit\u00e9 respectivement de directeur de Cabinet et de chef de Cabinet\u00bb, pr\u00e9cise la m\u00eame source.<br \/>\u00a0<\/p>\n<p>Auteur: elmoudjahid<br \/>\n<a href=\"http:\/\/www.elmoudjahid.com\/fr\/actualites\/146459\">Cliquez ici pour lire l&rsquo;article depuis sa source.<\/a><\/p>\n","protected":false},"excerpt":{"rendered":"<p>Le Premier ministre, Abdelaziz Djerad, a proc\u00e9d\u00e9, hier, \u00e0 la nomination de MM. Brahim Bouzeboudjen et Mohamed Lamine Saoudi Mabrouk en qualit\u00e9 respectivement de directeur de Cabinet et de chef de Cabinet, indique un communiqu\u00e9 des services du Premier ministre.\u00a0\u00a0 \u00abLe Premier ministre, Monsieur Abdelaziz Djerad, a proc\u00e9d\u00e9 \u00e0 la nomination et \u00e0 l&rsquo;installation de [&hellip;]<\/p>\n","protected":false},"author":1744,"featured_media":0,"comment_status":"closed","ping_status":"closed","sticky":false,"template":"","format":"standard","meta":{"fifu_image_url":"","fifu_image_alt":"","footnotes":""},"categories":[73,53],"tags":[],"class_list":["post-71608","post","type-post","status-publish","format-standard","hentry","category-actualite","category-algerie"],"_links":{"self":[{"href":"https:\/\/linitiative.ca\/International\/wp-json\/wp\/v2\/posts\/71608","targetHints":{"allow":["GET"]}}],"collection":[{"href":"https:\/\/linitiative.ca\/International\/wp-json\/wp\/v2\/posts"}],"about":[{"href":"https:\/\/linitiative.ca\/International\/wp-json\/wp\/v2\/types\/post"}],"author":[{"embeddable":true,"href":"https:\/\/linitiative.ca\/International\/wp-json\/wp\/v2\/users\/1744"}],"replies":[{"embeddable":true,"href":"https:\/\/linitiative.ca\/International\/wp-json\/wp\/v2\/comments?post=71608"}],"version-history":[{"count":0,"href":"https:\/\/linitiative.ca\/International\/wp-json\/wp\/v2\/posts\/71608\/revisions"}],"wp:attachment":[{"href":"https:\/\/linitiative.ca\/International\/wp-json\/wp\/v2\/media?parent=71608"}],"wp:term":[{"taxonomy":"category","embeddable":true,"href":"https:\/\/linitiative.ca\/International\/wp-json\/wp\/v2\/categories?post=71608"},{"taxonomy":"post_tag","embeddable":true,"href":"https:\/\/linitiative.ca\/International\/wp-json\/wp\/v2\/tags?post=71608"}],"curies":[{"name":"wp","href":"https:\/\/api.w.org\/{rel}","templated":true}]}}