{"id":71614,"date":"2019-12-29T10:43:00","date_gmt":"2019-12-29T15:43:00","guid":{"rendered":"https:\/\/linitiative.ca\/International\/la-famille-bouregaa-va-ester-en-justice-naima-salhi\/"},"modified":"2019-12-29T10:43:00","modified_gmt":"2019-12-29T15:43:00","slug":"la-famille-bouregaa-va-ester-en-justice-naima-salhi","status":"publish","type":"post","link":"https:\/\/linitiative.ca\/International\/la-famille-bouregaa-va-ester-en-justice-naima-salhi\/","title":{"rendered":"La famille Boureg\u00e2a  va ester en justice  Na\u00efma Salhi"},"content":{"rendered":"<p><br id=\"sep_para_1\" class=\"sep_para access\"\/><\/p>\n<div id=\"para_1\" class=\"para_34698363 resize\">\n<div class=\"texte access firstletter\">Dans un entretien accord\u00e9 \u00e0 El Watan,\u00a0 l\u2019avocat Abdelghani Badi a fait savoir ce dimanche 29 d\u00e9cembre, que la famille du Moudjahid Lakhdar Boureg\u00e2a va d\u00e9poser une plainte contre la controvers\u00e9e pr\u00e9sidente du Parti de l\u2019\u00e9quit\u00e9 et de la proclamation (PEP) Naima Salhi. La d\u00e9put\u00e9 \u00e0 l\u2019APN est connue pour ses discours v\u00e9hiculant la haine \u00e0 travers des vid\u00e9os et des \u00e9crits publi\u00e9s sur les r\u00e9seaux sociaux. \u00ab Concernant Na\u00efma Salhi, je vous apprends que la famille du commandant Lakhdar Boureg\u00e2a s\u2019est approch\u00e9e de notre collectif d\u2019avocats pour le d\u00e9p\u00f4t d\u2019une plainte contre la d\u00e9put\u00e9e, et ce, dans les plus brefs d\u00e9lais. La famille de Boureg\u00e2a veut la poursuivre en justice \u00e0 cause de sa derni\u00e8re vid\u00e9o. Nous allons saisir la commission juridique de l\u2019APN, le minist\u00e8re, etc. Les discours de haine sont inacceptables \u00bb, a indiqu\u00e9 Me Badi. Dans une vid\u00e9o post\u00e9e sur les r\u00e9seaux sociaux, Naima Salhi s\u2019est attaqu\u00e9e \u00e0 Lakhdar Boureg\u00e2a, en d\u00e9tention provisoire \u00e0 la prison d\u2019El Harrach \u00e0 Alger depuis fin juin dernier. La pr\u00e9sidente du PEP a accus\u00e9 le Moudjahid d\u2019intelligence avec l\u2019\u00e9tranger. Elle est all\u00e9e m\u00eame\u00a0 jusqu\u2019\u00e0 remettre en cause son combat durant la guerre de r\u00e9volution au sein des rangs de l\u2019arm\u00e9e de lib\u00e9ration nationale.<\/div>\n<\/div>\n<p>Auteur: R\u00e9flexion<br \/>\n<a href=\"https:\/\/www.reflexiondz.net\/La-famille-Bouregaa-va-ester-en-justice-Naima-Salhi_a59704.html\">Cliquez ici pour lire l&rsquo;article depuis sa source.<\/a><\/p>\n","protected":false},"excerpt":{"rendered":"<p>Dans un entretien accord\u00e9 \u00e0 El Watan,\u00a0 l\u2019avocat Abdelghani Badi a fait savoir ce dimanche 29 d\u00e9cembre, que la famille du Moudjahid Lakhdar Boureg\u00e2a va d\u00e9poser une plainte contre la controvers\u00e9e pr\u00e9sidente du Parti de l\u2019\u00e9quit\u00e9 et de la proclamation (PEP) Naima Salhi. La d\u00e9put\u00e9 \u00e0 l\u2019APN est connue pour ses discours v\u00e9hiculant la haine [&hellip;]<\/p>\n","protected":false},"author":1740,"featured_media":0,"comment_status":"closed","ping_status":"closed","sticky":false,"template":"","format":"standard","meta":{"fifu_image_url":"","fifu_image_alt":"","footnotes":""},"categories":[53,76],"tags":[],"class_list":["post-71614","post","type-post","status-publish","format-standard","hentry","category-algerie","category-regions"],"_links":{"self":[{"href":"https:\/\/linitiative.ca\/International\/wp-json\/wp\/v2\/posts\/71614","targetHints":{"allow":["GET"]}}],"collection":[{"href":"https:\/\/linitiative.ca\/International\/wp-json\/wp\/v2\/posts"}],"about":[{"href":"https:\/\/linitiative.ca\/International\/wp-json\/wp\/v2\/types\/post"}],"author":[{"embeddable":true,"href":"https:\/\/linitiative.ca\/International\/wp-json\/wp\/v2\/users\/1740"}],"replies":[{"embeddable":true,"href":"https:\/\/linitiative.ca\/International\/wp-json\/wp\/v2\/comments?post=71614"}],"version-history":[{"count":0,"href":"https:\/\/linitiative.ca\/International\/wp-json\/wp\/v2\/posts\/71614\/revisions"}],"wp:attachment":[{"href":"https:\/\/linitiative.ca\/International\/wp-json\/wp\/v2\/media?parent=71614"}],"wp:term":[{"taxonomy":"category","embeddable":true,"href":"https:\/\/linitiative.ca\/International\/wp-json\/wp\/v2\/categories?post=71614"},{"taxonomy":"post_tag","embeddable":true,"href":"https:\/\/linitiative.ca\/International\/wp-json\/wp\/v2\/tags?post=71614"}],"curies":[{"name":"wp","href":"https:\/\/api.w.org\/{rel}","templated":true}]}}