{"id":71615,"date":"2019-12-29T10:43:00","date_gmt":"2019-12-29T15:43:00","guid":{"rendered":"https:\/\/linitiative.ca\/International\/bengrina-annonce-son-soutien-au-president-tebboune\/"},"modified":"2019-12-29T10:43:00","modified_gmt":"2019-12-29T15:43:00","slug":"bengrina-annonce-son-soutien-au-president-tebboune","status":"publish","type":"post","link":"https:\/\/linitiative.ca\/International\/bengrina-annonce-son-soutien-au-president-tebboune\/","title":{"rendered":"Bengrina annonce son soutien au pr\u00e9sident Tebboune !"},"content":{"rendered":"<p><br id=\"sep_para_1\" class=\"sep_para access\"\/><\/p>\n<div id=\"para_1\" class=\"para_34698362 resize\">\n<div class=\"texte access firstletter\">Le pr\u00e9sident du mouvement El-Bina, Abdelkader Bengrina, a annonc\u00e9 \u00e0 S\u00e9tif le soutien de son parti au pr\u00e9sident de la R\u00e9publique Abdelmadjid Tebboune pour \u201cla protection de la souverainet\u00e9 nationale et du projet de novembre\u201d. Pr\u00e9sidant une c\u00e9r\u00e9monie \u00e0 la m\u00e9moire du d\u00e9funt de l\u2019Alg\u00e9rie, feu Ahmed Ga\u00efd Salah, organis\u00e9e par le mouvement El-Bina, M. Bengrina a insist\u00e9 sur l\u2019imp\u00e9rative protection de la souverainet\u00e9 nationale et de la loi de la g\u00e9n\u00e9ralisation de la langue arabe et la n\u00e9cessit\u00e9 de sortir l\u2019Alg\u00e9rie de sa crise socio\u00e9conomique. Il a \u00e9galement indiqu\u00e9 que la participation de son mouvement aux \u00e9lections pr\u00e9sidentielles a vis\u00e9 \u00e0 consolider les constantes et valeurs nationales et concr\u00e9tiser les aspirations du peuple ajoutant que son parti \u201cparticipera aux prochains scrutins pour le m\u00eame objectif\u201d. Le pr\u00e9sident du mouvement El-Bina a indiqu\u00e9 que son parti a transform\u00e9 ses rassemblements programm\u00e9s aujourd\u2019hui dans plusieurs wilayas dont S\u00e9tif, Constantine et Relizane en regroupements \u00e0 la m\u00e9moire du g\u00e9n\u00e9ral de corps d\u2019arm\u00e9e, Ahmed Ga\u00efd Salah qui symbolise \u201cla g\u00e9n\u00e9ration de la r\u00e9volution lib\u00e9ratrice et l\u2019institution de l\u2019arm\u00e9e nationale populaire\u201d.<\/div>\n<\/div>\n<p>Auteur: R\u00e9flexion<br \/>\n<a href=\"https:\/\/www.reflexiondz.net\/Bengrina-annonce-son-soutien-au-president-Tebboune-_a59703.html\">Cliquez ici pour lire l&rsquo;article depuis sa source.<\/a><\/p>\n","protected":false},"excerpt":{"rendered":"<p>Le pr\u00e9sident du mouvement El-Bina, Abdelkader Bengrina, a annonc\u00e9 \u00e0 S\u00e9tif le soutien de son parti au pr\u00e9sident de la R\u00e9publique Abdelmadjid Tebboune pour \u201cla protection de la souverainet\u00e9 nationale et du projet de novembre\u201d. Pr\u00e9sidant une c\u00e9r\u00e9monie \u00e0 la m\u00e9moire du d\u00e9funt de l\u2019Alg\u00e9rie, feu Ahmed Ga\u00efd Salah, organis\u00e9e par le mouvement El-Bina, M. [&hellip;]<\/p>\n","protected":false},"author":1740,"featured_media":0,"comment_status":"closed","ping_status":"closed","sticky":false,"template":"","format":"standard","meta":{"fifu_image_url":"","fifu_image_alt":"","footnotes":""},"categories":[53,76],"tags":[],"class_list":["post-71615","post","type-post","status-publish","format-standard","hentry","category-algerie","category-regions"],"_links":{"self":[{"href":"https:\/\/linitiative.ca\/International\/wp-json\/wp\/v2\/posts\/71615","targetHints":{"allow":["GET"]}}],"collection":[{"href":"https:\/\/linitiative.ca\/International\/wp-json\/wp\/v2\/posts"}],"about":[{"href":"https:\/\/linitiative.ca\/International\/wp-json\/wp\/v2\/types\/post"}],"author":[{"embeddable":true,"href":"https:\/\/linitiative.ca\/International\/wp-json\/wp\/v2\/users\/1740"}],"replies":[{"embeddable":true,"href":"https:\/\/linitiative.ca\/International\/wp-json\/wp\/v2\/comments?post=71615"}],"version-history":[{"count":0,"href":"https:\/\/linitiative.ca\/International\/wp-json\/wp\/v2\/posts\/71615\/revisions"}],"wp:attachment":[{"href":"https:\/\/linitiative.ca\/International\/wp-json\/wp\/v2\/media?parent=71615"}],"wp:term":[{"taxonomy":"category","embeddable":true,"href":"https:\/\/linitiative.ca\/International\/wp-json\/wp\/v2\/categories?post=71615"},{"taxonomy":"post_tag","embeddable":true,"href":"https:\/\/linitiative.ca\/International\/wp-json\/wp\/v2\/tags?post=71615"}],"curies":[{"name":"wp","href":"https:\/\/api.w.org\/{rel}","templated":true}]}}