{"id":71616,"date":"2019-12-29T10:43:00","date_gmt":"2019-12-29T15:43:00","guid":{"rendered":"https:\/\/linitiative.ca\/International\/accidents-de-la-circulation-5-morts-et-31-blesses-en-24-heures\/"},"modified":"2019-12-29T10:43:00","modified_gmt":"2019-12-29T15:43:00","slug":"accidents-de-la-circulation-5-morts-et-31-blesses-en-24-heures","status":"publish","type":"post","link":"https:\/\/linitiative.ca\/International\/accidents-de-la-circulation-5-morts-et-31-blesses-en-24-heures\/","title":{"rendered":"ACCIDENTS DE LA CIRCULATION : 5 morts et 31 bless\u00e9s en 24 heures"},"content":{"rendered":"<p><br id=\"sep_para_1\" class=\"sep_para access\"\/><\/p>\n<div id=\"para_1\" class=\"para_34698358 resize\">\n<div class=\"texte access firstletter\">Cinq (5) personnes ont trouv\u00e9 la mort et trente-et-une (31) autres ont \u00e9t\u00e9 bless\u00e9es dans neuf (9) accidents de la circulation enregistr\u00e9s durant les derni\u00e8res 24 heures au niveau national, selon un bilan \u00e9tabli dimanche par les services de la Protection civile. Le bilan le plus lourd a \u00e9t\u00e9 enregistr\u00e9 \u00e0 Bejaia avec deux morts, suite au d\u00e9rapage d&rsquo;un v\u00e9hicule touristique qui a chut\u00e9 dans un barrage d&rsquo;eau au lieu-dit Ighil Handa, dans la commune de Kherrata. Par ailleurs, les secours de la Protection civile ont \u00e9t\u00e9 sollicit\u00e9s pour deux cas d&rsquo;intoxication au monoxyde de carbone suite \u00e0 l&rsquo;utilisation de chauffe-bain \u00e0 l&rsquo;int\u00e9rieur de leur habitation sise au lieu dit cit\u00e9 Abdellah Bacha, commune et da\u00efra de Chalghoum El Aid wilaya de Mila. Des \u00e9l\u00e9ments de la Protection civile de la wilaya de Tissemsilt sont \u00e9galement intervenus suite \u00e0 une explosion de gaz de ville dans un appartement sis dans un immeuble au lieu dit Ain Takria (commune et da\u00efra de Khemist\u00e9). Cette explosion a caus\u00e9 des brulures de 2eme degr\u00e9 \u00e0 une personne, des blessures \u00e0 une autre et choqu\u00e9 4 autres personnes. Les victimes ont \u00e9t\u00e9 prises en charge sur les lieux puis \u00e9vacu\u00e9es vers les h\u00f4pitaux de Khemisti et Tissemsilt.<\/div>\n<\/div>\n<p>Auteur: Ismain<br \/>\n<a href=\"https:\/\/www.reflexiondz.net\/ACCIDENTS-DE-LA-CIRCULATION-5-morts-et-31-blesses-en-24-heures_a59701.html\">Cliquez ici pour lire l&rsquo;article depuis sa source.<\/a><\/p>\n","protected":false},"excerpt":{"rendered":"<p>Cinq (5) personnes ont trouv\u00e9 la mort et trente-et-une (31) autres ont \u00e9t\u00e9 bless\u00e9es dans neuf (9) accidents de la circulation enregistr\u00e9s durant les derni\u00e8res 24 heures au niveau national, selon un bilan \u00e9tabli dimanche par les services de la Protection civile. Le bilan le plus lourd a \u00e9t\u00e9 enregistr\u00e9 \u00e0 Bejaia avec deux morts, [&hellip;]<\/p>\n","protected":false},"author":1740,"featured_media":0,"comment_status":"closed","ping_status":"closed","sticky":false,"template":"","format":"standard","meta":{"fifu_image_url":"","fifu_image_alt":"","footnotes":""},"categories":[53,76],"tags":[],"class_list":["post-71616","post","type-post","status-publish","format-standard","hentry","category-algerie","category-regions"],"_links":{"self":[{"href":"https:\/\/linitiative.ca\/International\/wp-json\/wp\/v2\/posts\/71616","targetHints":{"allow":["GET"]}}],"collection":[{"href":"https:\/\/linitiative.ca\/International\/wp-json\/wp\/v2\/posts"}],"about":[{"href":"https:\/\/linitiative.ca\/International\/wp-json\/wp\/v2\/types\/post"}],"author":[{"embeddable":true,"href":"https:\/\/linitiative.ca\/International\/wp-json\/wp\/v2\/users\/1740"}],"replies":[{"embeddable":true,"href":"https:\/\/linitiative.ca\/International\/wp-json\/wp\/v2\/comments?post=71616"}],"version-history":[{"count":0,"href":"https:\/\/linitiative.ca\/International\/wp-json\/wp\/v2\/posts\/71616\/revisions"}],"wp:attachment":[{"href":"https:\/\/linitiative.ca\/International\/wp-json\/wp\/v2\/media?parent=71616"}],"wp:term":[{"taxonomy":"category","embeddable":true,"href":"https:\/\/linitiative.ca\/International\/wp-json\/wp\/v2\/categories?post=71616"},{"taxonomy":"post_tag","embeddable":true,"href":"https:\/\/linitiative.ca\/International\/wp-json\/wp\/v2\/tags?post=71616"}],"curies":[{"name":"wp","href":"https:\/\/api.w.org\/{rel}","templated":true}]}}