{"id":71617,"date":"2019-12-29T13:12:00","date_gmt":"2019-12-29T18:12:00","guid":{"rendered":"https:\/\/linitiative.ca\/International\/premier-ministere-le-premier-ministre-nomme-ses-directeur-et-chef-de-cabinet\/"},"modified":"2019-12-29T13:12:00","modified_gmt":"2019-12-29T18:12:00","slug":"premier-ministere-le-premier-ministre-nomme-ses-directeur-et-chef-de-cabinet","status":"publish","type":"post","link":"https:\/\/linitiative.ca\/International\/premier-ministere-le-premier-ministre-nomme-ses-directeur-et-chef-de-cabinet\/","title":{"rendered":"PREMIER MINISTERE : Le Premier ministre nomme ses Directeur et chef de cabinet"},"content":{"rendered":"<p><br id=\"sep_para_1\" class=\"sep_para access\"\/><\/p>\n<div id=\"para_1\" class=\"para_34699498 resize\">\n<div class=\"photo shadow left\"><a href=\"javascript:void(0)\" rel=\"https:\/\/www.reflexiondz.net\/photo\/art\/grande\/41204781-34699498.jpg?v=1577651034&#038;ibox\" title=\"PREMIER MINISTERE : Le Premier ministre nomme ses Directeur et chef de cabinet\"><img decoding=\"async\" class=\"responsive c9\" src=\"https:\/\/www.reflexiondz.net\/photo\/art\/grande\/41204781-34699498.jpg?v=1577651034\" alt=\"PREMIER MINISTERE : Le Premier ministre nomme ses Directeur et chef de cabinet\" title=\"PREMIER MINISTERE : Le Premier ministre nomme ses Directeur et chef de cabinet\"\/><img decoding=\"async\" class=\"not-responsive\" src=\"https:\/\/www.reflexiondz.net\/photo\/art\/default\/41204781-34699498.jpg?v=1577651036\" alt=\"PREMIER MINISTERE : Le Premier ministre nomme ses Directeur et chef de cabinet\" title=\"PREMIER MINISTERE : Le Premier ministre nomme ses Directeur et chef de cabinet\"\/><\/a><\/div>\n<div class=\"texte access firstletter\">Le Premier ministre, Abdelaziz Djerad, a proc\u00e9d\u00e9, dimanche, \u00e0 la nomination de MM. Brahim Bouzeboudjen et Mohamed Lamine Saoudi Mabrouk en qualit\u00e9 respectivement de directeur de Cabinet et de chef de Cabinet, indique un communiqu\u00e9 des services du Premier ministre. \u00ab\u00a0Le Premier ministre, Monsieur Abdelaziz Djerad, a proc\u00e9d\u00e9, ce dimanche 29 d\u00e9cembre 2019, \u00e0 la nomination et \u00e0 l&rsquo;installation de Messieurs Brahim Bouzeboudjen et Mohamed Lamine Saoudi Mabrouk en qualit\u00e9 respectivement de directeur de Cabinet et de chef de Cabinet\u00a0\u00bb, pr\u00e9cise la m\u00eame source. Rappelons que monsieur Brahim Bouzeboudjen, avait occup\u00e9 le poste de Pr\u00e9sident de l&rsquo;Organe national de pr\u00e9vention et lutte contre la corruption (ONPLC) en 2015.<\/div>\n<\/div>\n<p>Auteur: Ismain<br \/>\n<a href=\"https:\/\/www.reflexiondz.net\/PREMIER-MINISTERE-Le-Premier-ministre-nomme-ses-Directeur-et-chef-de-cabinet_a59705.html\">Cliquez ici pour lire l&rsquo;article depuis sa source.<\/a><\/p>\n","protected":false},"excerpt":{"rendered":"<p>Le Premier ministre, Abdelaziz Djerad, a proc\u00e9d\u00e9, dimanche, \u00e0 la nomination de MM. Brahim Bouzeboudjen et Mohamed Lamine Saoudi Mabrouk en qualit\u00e9 respectivement de directeur de Cabinet et de chef de Cabinet, indique un communiqu\u00e9 des services du Premier ministre. \u00ab\u00a0Le Premier ministre, Monsieur Abdelaziz Djerad, a proc\u00e9d\u00e9, ce dimanche 29 d\u00e9cembre 2019, \u00e0 la [&hellip;]<\/p>\n","protected":false},"author":1740,"featured_media":0,"comment_status":"closed","ping_status":"closed","sticky":false,"template":"","format":"standard","meta":{"fifu_image_url":"","fifu_image_alt":"","footnotes":""},"categories":[53,76],"tags":[],"class_list":["post-71617","post","type-post","status-publish","format-standard","hentry","category-algerie","category-regions"],"_links":{"self":[{"href":"https:\/\/linitiative.ca\/International\/wp-json\/wp\/v2\/posts\/71617","targetHints":{"allow":["GET"]}}],"collection":[{"href":"https:\/\/linitiative.ca\/International\/wp-json\/wp\/v2\/posts"}],"about":[{"href":"https:\/\/linitiative.ca\/International\/wp-json\/wp\/v2\/types\/post"}],"author":[{"embeddable":true,"href":"https:\/\/linitiative.ca\/International\/wp-json\/wp\/v2\/users\/1740"}],"replies":[{"embeddable":true,"href":"https:\/\/linitiative.ca\/International\/wp-json\/wp\/v2\/comments?post=71617"}],"version-history":[{"count":0,"href":"https:\/\/linitiative.ca\/International\/wp-json\/wp\/v2\/posts\/71617\/revisions"}],"wp:attachment":[{"href":"https:\/\/linitiative.ca\/International\/wp-json\/wp\/v2\/media?parent=71617"}],"wp:term":[{"taxonomy":"category","embeddable":true,"href":"https:\/\/linitiative.ca\/International\/wp-json\/wp\/v2\/categories?post=71617"},{"taxonomy":"post_tag","embeddable":true,"href":"https:\/\/linitiative.ca\/International\/wp-json\/wp\/v2\/tags?post=71617"}],"curies":[{"name":"wp","href":"https:\/\/api.w.org\/{rel}","templated":true}]}}