{"id":71618,"date":"2019-12-29T14:26:00","date_gmt":"2019-12-29T19:26:00","guid":{"rendered":"https:\/\/linitiative.ca\/International\/fait-insolite-a-bechar-un-individu-vole-un-camion-semi-remorque\/"},"modified":"2019-12-29T14:26:00","modified_gmt":"2019-12-29T19:26:00","slug":"fait-insolite-a-bechar-un-individu-vole-un-camion-semi-remorque","status":"publish","type":"post","link":"https:\/\/linitiative.ca\/International\/fait-insolite-a-bechar-un-individu-vole-un-camion-semi-remorque\/","title":{"rendered":"FAIT INSOLITE A BECHAR : Un individu vole un camion semi-remorque"},"content":{"rendered":"<p><br id=\"sep_para_1\" class=\"sep_para access\"\/><\/p>\n<div id=\"para_1\" class=\"para_34715743 resize\">\n<div class=\"photo shadow left\"><a href=\"javascript:void(0)\" rel=\"https:\/\/www.reflexiondz.net\/photo\/art\/grande\/41215524-34715743.jpg?v=1577651013&#038;ibox\" title=\"FAIT INSOLITE A BECHAR : Un individu vole un camion semi-remorque\"><img decoding=\"async\" class=\"responsive c9\" src=\"https:\/\/www.reflexiondz.net\/photo\/art\/grande\/41215524-34715743.jpg?v=1577651013\" alt=\"FAIT INSOLITE A BECHAR : Un individu vole un camion semi-remorque\" title=\"FAIT INSOLITE A BECHAR : Un individu vole un camion semi-remorque\"\/><img decoding=\"async\" class=\"not-responsive\" src=\"https:\/\/www.reflexiondz.net\/photo\/art\/default\/41215524-34715743.jpg?v=1577651014\" alt=\"FAIT INSOLITE A BECHAR : Un individu vole un camion semi-remorque\" title=\"FAIT INSOLITE A BECHAR : Un individu vole un camion semi-remorque\"\/><\/a><\/div>\n<div class=\"texte access firstletter\">Voler un cyclomoteur, voire m\u00eame une voiture est un m\u00e9fait courant, mais aller jusqu\u2019\u00e0 voler un camion semi-remorque cela rel\u00e8ve de l\u2019audace. Cela s\u2019est pass\u00e9 derni\u00e8rement \u00e0 B\u00e9char. Un conducteur de camion semi-remorque en provenance de l\u2019alg\u00e9rois s\u2019est pr\u00e9sent\u00e9 \u00e0 9h 30 mn au niveau de la 6\u00e8me s\u00fbret\u00e9 urbaine \u00e0 B\u00e9char pour d\u00e9poser une plainte contre X suite au vol de son v\u00e9hicule qu\u2019il avait gar\u00e9 pr\u00e8s d\u2019une caf\u00e9t\u00e9ria sise \u00e0 Hai Seban. A sa sortie du local, il n\u2019avait pas retrouv\u00e9 son v\u00e9hicule qu\u2019il avait laiss\u00e9 moteur en marche. Les policiers donn\u00e8rent l\u2019alerte aux brigades mobiles et aux postes de contr\u00f4le routier situ\u00e9s \u00e0 l\u2019entr\u00e9e et \u00e0 la sortie de la ville. A 10 h 30 mn, soit une heure plus tard, ledit v\u00e9hicule a \u00e9t\u00e9 rep\u00e9r\u00e9 au niveau de Hay Ettassahoumi. L\u2019auteur de ce m\u00e9fait, un trentenaire, a \u00e9t\u00e9 arr\u00eat\u00e9 en flagrant d\u00e9lit et conduit au niveau du si\u00e8ge de la 6\u00e8me s\u00fbret\u00e9 urbaine pour compl\u00e9ment d\u2019enqu\u00eate. Le tribunal de B\u00e9char l\u2019a condamn\u00e9 lors d\u2019une comparution directe \u00e0 la peine de 6 mois de prison ferme assortie d\u2019une amende de 30 000 DA.\u00a0\u00a0\u00a0\u00a0\u00a0\u00a0\u00a0\u00a0\u00a0\u00a0\u00a0<\/div>\n<\/div>\n<p>Auteur: Ahmed Messaoud<br \/>\n<a href=\"https:\/\/www.reflexiondz.net\/FAIT-INSOLITE-A-BECHAR-Un-individu-vole-un-camion-semi-remorque_a59706.html\">Cliquez ici pour lire l&rsquo;article depuis sa source.<\/a><\/p>\n","protected":false},"excerpt":{"rendered":"<p>Voler un cyclomoteur, voire m\u00eame une voiture est un m\u00e9fait courant, mais aller jusqu\u2019\u00e0 voler un camion semi-remorque cela rel\u00e8ve de l\u2019audace. Cela s\u2019est pass\u00e9 derni\u00e8rement \u00e0 B\u00e9char. Un conducteur de camion semi-remorque en provenance de l\u2019alg\u00e9rois s\u2019est pr\u00e9sent\u00e9 \u00e0 9h 30 mn au niveau de la 6\u00e8me s\u00fbret\u00e9 urbaine \u00e0 B\u00e9char pour d\u00e9poser une [&hellip;]<\/p>\n","protected":false},"author":1740,"featured_media":0,"comment_status":"closed","ping_status":"closed","sticky":false,"template":"","format":"standard","meta":{"fifu_image_url":"","fifu_image_alt":"","footnotes":""},"categories":[53,76],"tags":[],"class_list":["post-71618","post","type-post","status-publish","format-standard","hentry","category-algerie","category-regions"],"_links":{"self":[{"href":"https:\/\/linitiative.ca\/International\/wp-json\/wp\/v2\/posts\/71618","targetHints":{"allow":["GET"]}}],"collection":[{"href":"https:\/\/linitiative.ca\/International\/wp-json\/wp\/v2\/posts"}],"about":[{"href":"https:\/\/linitiative.ca\/International\/wp-json\/wp\/v2\/types\/post"}],"author":[{"embeddable":true,"href":"https:\/\/linitiative.ca\/International\/wp-json\/wp\/v2\/users\/1740"}],"replies":[{"embeddable":true,"href":"https:\/\/linitiative.ca\/International\/wp-json\/wp\/v2\/comments?post=71618"}],"version-history":[{"count":0,"href":"https:\/\/linitiative.ca\/International\/wp-json\/wp\/v2\/posts\/71618\/revisions"}],"wp:attachment":[{"href":"https:\/\/linitiative.ca\/International\/wp-json\/wp\/v2\/media?parent=71618"}],"wp:term":[{"taxonomy":"category","embeddable":true,"href":"https:\/\/linitiative.ca\/International\/wp-json\/wp\/v2\/categories?post=71618"},{"taxonomy":"post_tag","embeddable":true,"href":"https:\/\/linitiative.ca\/International\/wp-json\/wp\/v2\/tags?post=71618"}],"curies":[{"name":"wp","href":"https:\/\/api.w.org\/{rel}","templated":true}]}}