{"id":71619,"date":"2019-12-29T16:14:01","date_gmt":"2019-12-29T21:14:01","guid":{"rendered":"https:\/\/linitiative.ca\/International\/djerad-premier-ministre-sous-lere-tebboune-un-homme-un-profil\/"},"modified":"2019-12-29T16:14:01","modified_gmt":"2019-12-29T21:14:01","slug":"djerad-premier-ministre-sous-lere-tebboune-un-homme-un-profil","status":"publish","type":"post","link":"https:\/\/linitiative.ca\/International\/djerad-premier-ministre-sous-lere-tebboune-un-homme-un-profil\/","title":{"rendered":"Djerad Premier ministre sous l&rsquo;\u00e8re Tebboune : Un homme, un profil"},"content":{"rendered":"<p>La politique qui r\u00e9pond \u00e0 la condition de pertinence est \u0153uvre d\u2019art, autant qu\u2019elle fait conna\u00eetre l\u2019artisan. Tr\u00e8s attendu sur la nomination d\u2019un Premier ministre, le Pr\u00e9sident Tebboune vient de s\u2019illustrer en la mati\u00e8re en choisissant, pour diriger son gouvernement, dans un contexte de crise, un homme qui r\u00e9pond \u00e0 toutes les conditions politiques, sociales et humaines pour entamer, avec s\u00e9r\u00e9nit\u00e9, le choix d\u2019une \u00e9quipe gouvernementale qui a d\u00e9j\u00e0 \u00e9norm\u00e9ment de labeur \u00e0 assurer.<br \/>Il faut noter, tout d\u2019abord, la discr\u00e9tion dans laquelle les d\u00e9marches, les prises de contact, voire les discussions ont \u00e9t\u00e9 men\u00e9es, sans qu\u2019aucune information ne filtre dans les m\u00e9dias ou ailleurs, emp\u00eachant ces interf\u00e9rences de saborder un processus sensible qui a besoin, pour arriver \u00e0 son issue positive, de la plus haute confidentialit\u00e9. De fait, bien des d\u00e9marches de ce genre, m\u00fbrement r\u00e9fl\u00e9chies et portant sur des choix judicieux ont, \u00e0 maintes reprises, fait les frais d\u2019\u00e9ventement avant l\u2019heure, perdant du coup l\u2019efficacit\u00e9 que leur annonce officielle aurait pu susciter, et p\u00e2tissant de r\u00e9actions anticip\u00e9es dont la d\u00e9marche, pour l\u2019importance qu\u2019elle rev\u00eat pour le pays, aurait volontiers pu se passer. Un Premier ministre, c\u2019est d\u00e9j\u00e0 un pas en avant dans le processus ardu de constitution d\u2019un gouvernement qui reste \u00e0 construire pi\u00e8ce par pi\u00e8ce, \u00e0 d\u00e9faut de pouvoir puiser dans un landernau politique souill\u00e9 par des pratiques sordides et\/ou peu orthodoxes, des profils pr\u00eats \u00e0 l\u2019emploi. Le citoyen, pour ne pas dire l\u2019\u00e9lecteur, alg\u00e9rien est tr\u00e8s exigeant, car meurtri, toutes ces derni\u00e8res ann\u00e9es, par des choix d\u2019o\u00f9 des qualit\u00e9s fondamentales et fondatrices de la personnalit\u00e9 alg\u00e9rienne, ont \u00e9t\u00e9 absentes, qui auraient pu constituer un crit\u00e9rium efficace dans le choix des hommes, au lieu que ce fut toujours et \u00e0 chaque fois un client\u00e9lisme politique st\u00e9rilisant qui sacrifiait la comp\u00e9tence et l\u2019int\u00e9grit\u00e9 sur l\u2019autel de la loyaut\u00e9. Le Pr\u00e9sident Tebboune semble ici vouloir remettre les horloges \u00e0 l\u2019heure de cette approche principielle \u00e0 travers laquelle les citoyens alg\u00e9riens qui l\u2019ont \u00e9lu \u00e0 la Magistrature supr\u00eame sauront reconna\u00eetre une r\u00e9ponse intelligente \u00e0 leurs attentes, en attendant mieux, en attendant plus, dans le cadre d\u2019un processus qui aura eu, d\u00e8s aujourd\u2019hui, le m\u00e9rite d\u2019avoir bien commenc\u00e9 avec le choix port\u00e9 sur un Premier ministre ayant des qualit\u00e9s plurielles dont celles, importantes, de la comp\u00e9tence et de l\u2019int\u00e9grit\u00e9. Le Premier ministre Abdelaziz Djerad s\u2019est soustrait de la sc\u00e8ne politique, des ann\u00e9es durant, apr\u00e8s avoir \u00e9t\u00e9 \u00e0 la pr\u00e9sidence de la R\u00e9publique sous Liamine Zeroual, pour se consacrer \u00e0 une carri\u00e8re d\u2019universitaire en tant que politologue et ce, bien qu\u2019il f\u00fbt invit\u00e9, de nombreuses fois, \u00e0 s\u2019int\u00e9grer dans les vies partisane et politique des vingt derni\u00e8res ann\u00e9es. Une attitude de r\u00e9serve qui augure d\u2019une personnalit\u00e9 d\u00e9sint\u00e9ress\u00e9e qui ne s\u2019associe \u00e0 rien sans que cela ne soit dict\u00e9 par une conviction ou motiv\u00e9 par une question de principe. L\u2019appel du devoir, conjugu\u00e9 certainement \u00e0 l\u2019id\u00e9e forte que le profil du Pr\u00e9sident Tebboune augure d\u2019une gouvernance sereine et implacablement tourn\u00e9e vers la mission d\u2019extraction de l\u2019Alg\u00e9rie du marasme politique dans lequel vingt ann\u00e9es de gabegie l\u2019ont plong\u00e9e, a fait que Abdelaziz Djerad a accept\u00e9 de remplir cette mission et devra, avec l\u2019\u00e9quipe qu\u2019il va constituer dans les prochains jours, s\u2019accommoder de d\u00e9fis multiples \u00e0 la hauteur des enjeux que posent les crises en proc\u00e8s dans notre pays.\u00a0<\/p>\n<p>Auteur: Le Jeune Independant<br \/>\n<a href=\"http:\/\/www.jeune-independant.net\/Djerad-Premier-ministre-sous-l-ere.html\">Cliquez ici pour lire l&rsquo;article depuis sa source.<\/a><\/p>\n","protected":false},"excerpt":{"rendered":"<p>La politique qui r\u00e9pond \u00e0 la condition de pertinence est \u0153uvre d\u2019art, autant qu\u2019elle fait conna\u00eetre l\u2019artisan. Tr\u00e8s attendu sur la nomination d\u2019un Premier ministre, le Pr\u00e9sident Tebboune vient de s\u2019illustrer en la mati\u00e8re en choisissant, pour diriger son gouvernement, dans un contexte de crise, un homme qui r\u00e9pond \u00e0 toutes les conditions politiques, sociales [&hellip;]<\/p>\n","protected":false},"author":1737,"featured_media":0,"comment_status":"closed","ping_status":"closed","sticky":false,"template":"","format":"standard","meta":{"fifu_image_url":"","fifu_image_alt":"","footnotes":""},"categories":[73,53],"tags":[],"class_list":["post-71619","post","type-post","status-publish","format-standard","hentry","category-actualite","category-algerie"],"_links":{"self":[{"href":"https:\/\/linitiative.ca\/International\/wp-json\/wp\/v2\/posts\/71619","targetHints":{"allow":["GET"]}}],"collection":[{"href":"https:\/\/linitiative.ca\/International\/wp-json\/wp\/v2\/posts"}],"about":[{"href":"https:\/\/linitiative.ca\/International\/wp-json\/wp\/v2\/types\/post"}],"author":[{"embeddable":true,"href":"https:\/\/linitiative.ca\/International\/wp-json\/wp\/v2\/users\/1737"}],"replies":[{"embeddable":true,"href":"https:\/\/linitiative.ca\/International\/wp-json\/wp\/v2\/comments?post=71619"}],"version-history":[{"count":0,"href":"https:\/\/linitiative.ca\/International\/wp-json\/wp\/v2\/posts\/71619\/revisions"}],"wp:attachment":[{"href":"https:\/\/linitiative.ca\/International\/wp-json\/wp\/v2\/media?parent=71619"}],"wp:term":[{"taxonomy":"category","embeddable":true,"href":"https:\/\/linitiative.ca\/International\/wp-json\/wp\/v2\/categories?post=71619"},{"taxonomy":"post_tag","embeddable":true,"href":"https:\/\/linitiative.ca\/International\/wp-json\/wp\/v2\/tags?post=71619"}],"curies":[{"name":"wp","href":"https:\/\/api.w.org\/{rel}","templated":true}]}}