{"id":71626,"date":"2019-12-29T05:00:00","date_gmt":"2019-12-29T10:00:00","guid":{"rendered":"https:\/\/linitiative.ca\/International\/hirak-debat-inutile-ou-impossible\/"},"modified":"2019-12-29T05:00:00","modified_gmt":"2019-12-29T10:00:00","slug":"hirak-debat-inutile-ou-impossible","status":"publish","type":"post","link":"https:\/\/linitiative.ca\/International\/hirak-debat-inutile-ou-impossible\/","title":{"rendered":"Hirak : d\u00e9bat inutile ou impossible ?"},"content":{"rendered":"<p class=\"c3\">Cela fait d\u00e9j\u00e0 quelques mois qu\u2019il a commenc\u00e9 \u00e0 se faire entendre. Soutenant que le Hirak doit se donner une perspective socio\u00e9conomique, un groupe de fid\u00e8les manifestants dont le positionnement \u00e0 gauche est express\u00e9ment formul\u00e9 \u00e9tait visible dans les marches et les r\u00e9seaux sociaux. Bravant certaines appr\u00e9hensions, \u00e9videntes depuis le 22 f\u00e9vrier, il a fini par assurer sa pr\u00e9sence en tant que tel, sans s\u00e9rieux obstacle m\u00eame si, d\u2019une mani\u00e8re g\u00e9n\u00e9rale, la tendance est majoritairement aux revendications \u00abg\u00e9n\u00e9ralistes\u00bb ou \u00abde fond\u00bb, selon l\u2019option lexicale de chacun. Ce n\u2019est peut-\u00eatre pas le premier \u00abcourant\u00bb \u00e0 se distinguer ainsi, non pas pour se diff\u00e9rencier, encore moins se d\u00e9marquer de la masse des protestataires qui s\u2019en tient \u00e0 ce qui est consid\u00e9r\u00e9 comme l\u2019essentiel. Il y a eu les f\u00e9ministes et aussi ceux qui voulaient tout de suite installer le projet de soci\u00e9t\u00e9 qu\u2019on veut construire au c\u0153ur de la contestation. Tous ont remis ce vieux d\u00e9bat au go\u00fbt du jour : se peut-il que des batailles aussi d\u00e9terminantes et des enjeux aussi importants soient rel\u00e9gables au second plan parce qu\u2019il y aurait plus d\u00e9cisif et plus rassembleur ? On ne sait pas quel impact ses groupes ont eu sur le Hirak et dans quelles proportions ils se sont d\u00e9velopp\u00e9s, de fa\u00e7on \u00e0 peser sur l\u2019\u00e9volution du mouvement populaire. Mais on sait qu\u2019ils sont l\u00e0, certains plus visibles et plus audibles que d\u2019autres, il est vrai. Parmi eux, il y en a qui font plus que se faire entendre, ils contestent aussi une certaine \u00abh\u00e9g\u00e9monie\u00bb sur le mouvement populaire, en d\u00e9signant parfois des \u00abforces\u00bb invisibles mais selon eux \u00e9videntes, qui veulent mener le Hirak l\u00e0 o\u00f9 elles veulent. L\u2019absence de leadership identifi\u00e9 et de structures indispensables au dialogue et \u00e0 la confrontation des id\u00e9es n\u2019aide pas \u00e0 \u00e9clairer les choses. On ne va pas refaire le d\u00e9bat l\u00e0-dessus ? Peut-\u00eatre bien que si. Depuis les fun\u00e9railles du chef d\u2019\u00e9tat-major de l\u2019arm\u00e9e, est apparu un autre \u00abcourant\u00bb. On ne sait pas s\u2019il est organis\u00e9 en tant que tel ou il est le r\u00e9sultat d\u2019une convergence fortuite mais on l\u2019a entendu. Son discours est certes formul\u00e9 de fa\u00e7on disparate par des personnes sans lien apparent mais il est per\u00e7u comme un groupe organis\u00e9 du fait que ceux qui l\u2019incarnent partagent l\u2019essentiel de ce qu\u2019ils ont exprim\u00e9 jusque-l\u00e0. De cet \u00abessentiel\u00bb, on retient ceci d\u2019abord et surtout : dans la foule qui a accompagn\u00e9 Ahmed Ga\u00efd Salah \u00e0 sa derni\u00e8re demeure, il n\u2019y a pas que des Alg\u00e9riens int\u00e9ress\u00e9s, \u00abcachiristes\u00bb ou en service command\u00e9. Ils sugg\u00e8rent qu\u2019il faudra donc les \u00e9couter et dans la foul\u00e9e, mettre fin \u00e0 l\u2019h\u00e9g\u00e9monie qui commanderait le Hirak. Comment faire alors ? Structurer, d\u00e9battre, clarifier la perspective ? Il n\u2019y a peut-\u00eatre pas de d\u00e9bat inutile.<br \/><em><strong>S. L.<\/strong><\/em><\/p>\n<p>Auteur:<br \/>\n<a href=\"https:\/\/www.lesoirdalgerie.com\/constances\/hirak-debat-inutile-ou-impossible-36100\">Cliquez ici pour lire l&rsquo;article depuis sa source.<\/a><\/p>\n","protected":false},"excerpt":{"rendered":"<p>Cela fait d\u00e9j\u00e0 quelques mois qu\u2019il a commenc\u00e9 \u00e0 se faire entendre. Soutenant que le Hirak doit se donner une perspective socio\u00e9conomique, un groupe de fid\u00e8les manifestants dont le positionnement \u00e0 gauche est express\u00e9ment formul\u00e9 \u00e9tait visible dans les marches et les r\u00e9seaux sociaux. Bravant certaines appr\u00e9hensions, \u00e9videntes depuis le 22 f\u00e9vrier, il a fini [&hellip;]<\/p>\n","protected":false},"author":1741,"featured_media":0,"comment_status":"closed","ping_status":"closed","sticky":false,"template":"","format":"standard","meta":{"fifu_image_url":"","fifu_image_alt":"","footnotes":""},"categories":[73,53],"tags":[],"class_list":["post-71626","post","type-post","status-publish","format-standard","hentry","category-actualite","category-algerie"],"_links":{"self":[{"href":"https:\/\/linitiative.ca\/International\/wp-json\/wp\/v2\/posts\/71626","targetHints":{"allow":["GET"]}}],"collection":[{"href":"https:\/\/linitiative.ca\/International\/wp-json\/wp\/v2\/posts"}],"about":[{"href":"https:\/\/linitiative.ca\/International\/wp-json\/wp\/v2\/types\/post"}],"author":[{"embeddable":true,"href":"https:\/\/linitiative.ca\/International\/wp-json\/wp\/v2\/users\/1741"}],"replies":[{"embeddable":true,"href":"https:\/\/linitiative.ca\/International\/wp-json\/wp\/v2\/comments?post=71626"}],"version-history":[{"count":0,"href":"https:\/\/linitiative.ca\/International\/wp-json\/wp\/v2\/posts\/71626\/revisions"}],"wp:attachment":[{"href":"https:\/\/linitiative.ca\/International\/wp-json\/wp\/v2\/media?parent=71626"}],"wp:term":[{"taxonomy":"category","embeddable":true,"href":"https:\/\/linitiative.ca\/International\/wp-json\/wp\/v2\/categories?post=71626"},{"taxonomy":"post_tag","embeddable":true,"href":"https:\/\/linitiative.ca\/International\/wp-json\/wp\/v2\/tags?post=71626"}],"curies":[{"name":"wp","href":"https:\/\/api.w.org\/{rel}","templated":true}]}}