{"id":71629,"date":"2019-12-29T05:00:00","date_gmt":"2019-12-29T10:00:00","guid":{"rendered":"https:\/\/linitiative.ca\/International\/barcelone-prete-alena-au-betis\/"},"modified":"2019-12-29T05:00:00","modified_gmt":"2019-12-29T10:00:00","slug":"barcelone-prete-alena-au-betis","status":"publish","type":"post","link":"https:\/\/linitiative.ca\/International\/barcelone-prete-alena-au-betis\/","title":{"rendered":"Barcelone pr\u00eate Ale\u00f1a au Betis"},"content":{"rendered":"<p>Le jeune milieu du FC Barcelone Carles Ale\u00f1a a \u00e9t\u00e9 pr\u00eat\u00e9 au Betis S\u00e9ville jusqu&rsquo;\u00e0 la fin de la saison, ont annonc\u00e9 hier les deux clubs. \u00abLe FC Barcelone et le Real Betis sont parvenus \u00e0 un accord pour la cession de Carles Ale\u00f1a \u00bb, \u00e9crit le Bar\u00e7a sur son site internet.<br \/>\u00abLe Real Betis prend en charge le salaire du joueur. L&rsquo;accord n&rsquo;inclut pas d&rsquo;option d&rsquo;achat\u00bb, pr\u00e9cise le club catalan.<br \/>Carles Ale\u00f1a, 21 ans et international Espoirs avec l&rsquo;Espagne, a int\u00e9gr\u00e9 La Masia, le centre de formation du Bar\u00e7a, d\u00e8s son plus jeune \u00e2ge. Il a disput\u00e9 39 matchs avec l&rsquo;\u00e9quipe premi\u00e8re, dont cinq cette saison.<br \/>Il est le premier renfort du mercato d&rsquo;hiver pour le Betis, 13e du Championnat d&rsquo;Espagne avec 23 points.<\/p>\n<p>Auteur:<br \/>\n<a href=\"https:\/\/www.lesoirdalgerie.com\/sports\/barcelone-prete-alena-au-betis-36097\">Cliquez ici pour lire l&rsquo;article depuis sa source.<\/a><\/p>\n","protected":false},"excerpt":{"rendered":"<p>Le jeune milieu du FC Barcelone Carles Ale\u00f1a a \u00e9t\u00e9 pr\u00eat\u00e9 au Betis S\u00e9ville jusqu&rsquo;\u00e0 la fin de la saison, ont annonc\u00e9 hier les deux clubs. \u00abLe FC Barcelone et le Real Betis sont parvenus \u00e0 un accord pour la cession de Carles Ale\u00f1a \u00bb, \u00e9crit le Bar\u00e7a sur son site internet.\u00abLe Real Betis prend [&hellip;]<\/p>\n","protected":false},"author":1741,"featured_media":0,"comment_status":"closed","ping_status":"closed","sticky":false,"template":"","format":"standard","meta":{"fifu_image_url":"","fifu_image_alt":"","footnotes":""},"categories":[73,53],"tags":[],"class_list":["post-71629","post","type-post","status-publish","format-standard","hentry","category-actualite","category-algerie"],"_links":{"self":[{"href":"https:\/\/linitiative.ca\/International\/wp-json\/wp\/v2\/posts\/71629","targetHints":{"allow":["GET"]}}],"collection":[{"href":"https:\/\/linitiative.ca\/International\/wp-json\/wp\/v2\/posts"}],"about":[{"href":"https:\/\/linitiative.ca\/International\/wp-json\/wp\/v2\/types\/post"}],"author":[{"embeddable":true,"href":"https:\/\/linitiative.ca\/International\/wp-json\/wp\/v2\/users\/1741"}],"replies":[{"embeddable":true,"href":"https:\/\/linitiative.ca\/International\/wp-json\/wp\/v2\/comments?post=71629"}],"version-history":[{"count":0,"href":"https:\/\/linitiative.ca\/International\/wp-json\/wp\/v2\/posts\/71629\/revisions"}],"wp:attachment":[{"href":"https:\/\/linitiative.ca\/International\/wp-json\/wp\/v2\/media?parent=71629"}],"wp:term":[{"taxonomy":"category","embeddable":true,"href":"https:\/\/linitiative.ca\/International\/wp-json\/wp\/v2\/categories?post=71629"},{"taxonomy":"post_tag","embeddable":true,"href":"https:\/\/linitiative.ca\/International\/wp-json\/wp\/v2\/tags?post=71629"}],"curies":[{"name":"wp","href":"https:\/\/api.w.org\/{rel}","templated":true}]}}