{"id":71630,"date":"2019-12-29T05:00:00","date_gmt":"2019-12-29T10:00:00","guid":{"rendered":"https:\/\/linitiative.ca\/International\/les-reds-porteront-le-badge-de-champions-du-monde-contre-wolverhampton\/"},"modified":"2019-12-29T05:00:00","modified_gmt":"2019-12-29T10:00:00","slug":"les-reds-porteront-le-badge-de-champions-du-monde-contre-wolverhampton","status":"publish","type":"post","link":"https:\/\/linitiative.ca\/International\/les-reds-porteront-le-badge-de-champions-du-monde-contre-wolverhampton\/","title":{"rendered":"Les Reds porteront le badge de champions du monde contre Wolverhampton"},"content":{"rendered":"<p>Le club anglais de Liverpool, sacr\u00e9 champion du monde des clubs il y&rsquo;a une semaine \u00e0 Doha (Qatar), o\u00f9 il avait domin\u00e9 les Br\u00e9siliens de Flamengo (1-0) en finale, a annonc\u00e9 vendredi que la Premier League l&rsquo;a autoris\u00e9 \u00e0 arborer le badge \u00abFifa champion\u00bb sur son maillot lorsqu&rsquo;il recevra Wolverhampton aujourd\u2019hui, pour le compte de la 20e journ\u00e9e.<br \/>\u00abLiverpool \u00e9trennera son badge dor\u00e9 de champion Fifa lors du match de dimanche contre Wolverhampton \u00e0 Anfield\u00bb, ajoutant que l&rsquo;\u00e9quipe de l&rsquo;entra\u00eeneur allemand J\u00fcrgen Klopp \u00abportera cet embl\u00e8me\u00bb sur son maillot pour \u00abune occasion unique en Premier League\u00bb.<br \/>Selon les r\u00e8glements de la Fifa, le club vainqueur du Mondial des clubs a le droit de faire figurer le badge d\u00e8s le jour de sa victoire jusqu&rsquo;\u00e0 la finale suivante de la Coupe du Monde des clubs, a expliqu\u00e9 l&rsquo;organisation internationale, cit\u00e9e dans le communiqu\u00e9 des Reds. Mais le r\u00e8glement de la Premier League interdit la pr\u00e9sence de badges sp\u00e9cifiques lors des rencontres de championnat.<br \/>Liverpool a demand\u00e9 et obtenu une exception pour un match, afin de pr\u00e9senter le blason \u00e0 son public. En 2008, Manchester United avait aussi d\u00fb se contenter de le porter lors de ses matchs de Ligue des Champions, ce que fera \u00e9galement Liverpool.<\/p>\n<p>Auteur:<br \/>\n<a href=\"https:\/\/www.lesoirdalgerie.com\/sports\/les-reds-porteront-le-badge-de-champions-du-monde-contre-wolverhampton-36096\">Cliquez ici pour lire l&rsquo;article depuis sa source.<\/a><\/p>\n","protected":false},"excerpt":{"rendered":"<p>Le club anglais de Liverpool, sacr\u00e9 champion du monde des clubs il y&rsquo;a une semaine \u00e0 Doha (Qatar), o\u00f9 il avait domin\u00e9 les Br\u00e9siliens de Flamengo (1-0) en finale, a annonc\u00e9 vendredi que la Premier League l&rsquo;a autoris\u00e9 \u00e0 arborer le badge \u00abFifa champion\u00bb sur son maillot lorsqu&rsquo;il recevra Wolverhampton aujourd\u2019hui, pour le compte de [&hellip;]<\/p>\n","protected":false},"author":1741,"featured_media":0,"comment_status":"closed","ping_status":"closed","sticky":false,"template":"","format":"standard","meta":{"fifu_image_url":"","fifu_image_alt":"","footnotes":""},"categories":[73,53],"tags":[],"class_list":["post-71630","post","type-post","status-publish","format-standard","hentry","category-actualite","category-algerie"],"_links":{"self":[{"href":"https:\/\/linitiative.ca\/International\/wp-json\/wp\/v2\/posts\/71630","targetHints":{"allow":["GET"]}}],"collection":[{"href":"https:\/\/linitiative.ca\/International\/wp-json\/wp\/v2\/posts"}],"about":[{"href":"https:\/\/linitiative.ca\/International\/wp-json\/wp\/v2\/types\/post"}],"author":[{"embeddable":true,"href":"https:\/\/linitiative.ca\/International\/wp-json\/wp\/v2\/users\/1741"}],"replies":[{"embeddable":true,"href":"https:\/\/linitiative.ca\/International\/wp-json\/wp\/v2\/comments?post=71630"}],"version-history":[{"count":0,"href":"https:\/\/linitiative.ca\/International\/wp-json\/wp\/v2\/posts\/71630\/revisions"}],"wp:attachment":[{"href":"https:\/\/linitiative.ca\/International\/wp-json\/wp\/v2\/media?parent=71630"}],"wp:term":[{"taxonomy":"category","embeddable":true,"href":"https:\/\/linitiative.ca\/International\/wp-json\/wp\/v2\/categories?post=71630"},{"taxonomy":"post_tag","embeddable":true,"href":"https:\/\/linitiative.ca\/International\/wp-json\/wp\/v2\/tags?post=71630"}],"curies":[{"name":"wp","href":"https:\/\/api.w.org\/{rel}","templated":true}]}}