{"id":71631,"date":"2019-12-29T06:36:15","date_gmt":"2019-12-29T11:36:15","guid":{"rendered":"https:\/\/linitiative.ca\/International\/comment-avoir-20-sur-20-en-2020\/"},"modified":"2019-12-29T06:36:15","modified_gmt":"2019-12-29T11:36:15","slug":"comment-avoir-20-sur-20-en-2020","status":"publish","type":"post","link":"https:\/\/linitiative.ca\/International\/comment-avoir-20-sur-20-en-2020\/","title":{"rendered":"Comment avoir 20 sur 20 en 2020 ?"},"content":{"rendered":"<p>Ce si\u00e8cle, le 21\u00e8me, va entrer dans son bel \u00e2ge, il va aborder ses 20 ans. Eh oui, on est d\u00e9j\u00e0 en 2020 alors qu\u2019on a l\u2019impression, que l\u2019an 2000 c\u2019\u00e9tait encore hier. Un an 2000 tr\u00e8s fantasm\u00e9, car il \u00e9tait attendu comme un moment o\u00f9 tout changerait, \u00e9videmment, et comme par magie. Il y a comme \u00e7a des ann\u00e9es mythiques pour la simple raison que leur num\u00e9ro comptable est un chiffre rond.<\/p>\n<div class=\"c10\"\/>\n<p>Alors en attendant, l\u2019an 3000, et les nouveaux mirages, ou cauchemars, qu\u2019il provoquera, une ann\u00e9e d\u2019ailleurs o\u00f9 personne d\u2019entre nous ne sera l\u00e0 pour en constater soit les splendeurs, soit les d\u00e9g\u00e2ts, contentons-nous de ce qu\u2019on a, cette 20\u00e8me ann\u00e9e de l\u2019ann\u00e9e 2000 qu\u2019on souhaite \u00e0 toutes et tous comme l\u2019ann\u00e9e de toutes les r\u00e9alisations. C\u2019est la p\u00e9riode consacr\u00e9e des v\u0153ux et donc pourquoi ne pas esp\u00e9rer le meilleur ?<\/p>\n<p>Surtout qu\u2019en vingt ans, on l\u2019a dit souvent, notre pays a bien avanc\u00e9 et dans tous les domaines. La c\u00e9l\u00e9bration des 20 ans de r\u00e8gne de Sa Majest\u00e9 Mohammed VI a donn\u00e9 lieu \u00e0 des bilans positifs que tout le monde a encore en m\u00e9moire\u2026 m\u00eame s\u2019il existe toujours des esprits retors pour qui rien ne va, rien ne marche et rien ne progresse, et que tout n\u2019est que complaisance et courtisanerie.<\/p>\n<p>Chacun, et c\u2019est une particularit\u00e9 de ce si\u00e8cle, est libre de son opinion et peut la commenter comme il l\u2019entend, sous toutes formes de r\u00e9seaux et de tous les moyens imaginables. C\u2019est la ran\u00e7on du progr\u00e8s technologique qui a d\u00e9velopp\u00e9 un formidable pouvoir de communication pour tous ceux qui voudraient s\u2019en servir.<\/p>\n<p>Mais communication n\u2019a jamais voulu dire information, et surtout pas analyse et conviction, dans le sens du mot \u00abconvaincre\u00bb.<\/p>\n<p>Ici, dans ces colonnes, o\u00f9 vous nous faites l\u2019amiti\u00e9 de nous lire depuis de longues ann\u00e9es, on va dire haut et fort que notre pays va r\u00e9solument de l\u2019avant et lorsqu\u2019on se compare \u00e0 d\u2019autres et bien il n\u2019y a pas de quoi rougir et avoir honte. Certes rien n\u2019est parfait, la perfection n\u2019existe nulle part sur terre, mais il y a de quoi se r\u00e9jouir et surtout rester optimiste, c\u2019est-\u00e0-dire constructif et conscient de nos potentialit\u00e9s.<\/p>\n<p><strong>2020, ann\u00e9e olympique<\/strong><\/p>\n<p>En cette ann\u00e9e 2020, sur le plan sportif le m\u00e9ga \u00e9v\u00e8nement sera, sans conteste, les Jeux Olympiques qu\u2019organisera, l\u2019\u00e9t\u00e9 prochain, la capitale nippone Tokyo.<\/p>\n<p>L\u2019histoire du Maroc aux Jeux Olympiques est tr\u00e8s ancienne. Nos repr\u00e9sentants \u00e9taient d\u00e9j\u00e0 \u00e0 Tokyo en 1964 et le Maroc avait d\u00e8s 1960 \u00e0 Rome, obtenu sa premi\u00e8re m\u00e9daille olympique. C\u2019\u00e9tait en marathon avec Feu Abdeslam Radi, qui avait couru cette ann\u00e9e-l\u00e0, le 10 000 m juste avant l\u2019\u00e9preuve du marathon.<\/p>\n<p>Le Comit\u00e9 National Olympique Marocain, pr\u00e9sid\u00e9 d\u00e9sormais par Fay\u00e7al Laara\u00efchi a choisi de finir l\u2019ann\u00e9e 2019, par la tenue de son Assembl\u00e9e G\u00e9n\u00e9rale. Et m\u00eame si les m\u00e9dias d\u2019ici n\u2019ont pas \u00e9t\u00e9 int\u00e9ress\u00e9s par l\u2019\u00e9v\u00e8nement (en \u00e9tait-il un d\u2019ailleurs ?), on retiendra que le Pr\u00e9sident y aura tenu un vrai discours programme. Tranquille au niveau de l\u2019adoption des rapports moraux et financiers,\u00a0 Laara\u00efchi a choisi de faire un v\u00e9ritable tableau du sport national, et rien que pour ces propos clairs et constructifs, il valait la peine de suivre ses assises. On comptera sur la fantomatique commission de presse du CNOM, pour faire parvenir la substantifique moelle du discours pr\u00e9sidentiel \u00e0 l\u2019ensemble des m\u00e9dias nationaux. Notre confr\u00e8re <em>\u00abLe Matin du Sahara\u00bb<\/em> l\u2019un des rares quotidiens nationaux \u00e0 rendre compte de l\u2019AG du CNOM, a titr\u00e9 que <em>\u00abFay\u00e7al Laara\u00efchi a dress\u00e9 un diagnostic sans concession sur l\u2019\u00e9chec du sport marocain\u00bb.<\/em><\/p>\n<p>C\u2019est une attitude forte de la part d\u2019un responsable du niveau de Laara\u00efchi, mais pas \u00e9tonnante car l\u2019homme n\u2019est pas connu pour \u00eatre adepte de la langue de bois. Sauf que le Pr\u00e9sident du CNOM ne s\u2019est pas content\u00e9 de d\u00e9noncer, il a aussi et surtout propos\u00e9 des voies de redressement en martelant qu\u2019il faut plus de professionnalisme dans l\u2019ensemble des structures sportives : <em>\u00abS\u2019il faut aider le sport national, on le fera n\u00e9cessairement, \u00e0 charge pour chaque f\u00e9d\u00e9ration de pr\u00e9senter des dossiers cr\u00e9dibles et bien ficel\u00e9s. Aidez-nous \u00e0 vous aider\u00bb<\/em>.<\/p>\n<p>Et en rappelant que tous sont au service du collectif, le Pr\u00e9sident du CNOM a abord\u00e9 tous les aspects de la crise du sport au Maroc. Ah oui, il faut que les charg\u00e9s de la \u00abcom\u00bb et de l\u2019\u00abinfo\u00bb au sein du CNOM nous pr\u00e9sentent tout cela dans les plus brefs d\u00e9lais. C\u2019est important pour l\u2019opinion publique et puis ne sont-ils pas (largement) pay\u00e9s pour cela ?<\/p>\n<p>M\u00e9dailles, sport scolaire, pratiquants de toutes cat\u00e9gories, il n\u2019a rien \u00e9t\u00e9 \u00e9lud\u00e9 en cette A.G appel\u00e9e \u00e0 faire date dans ce d\u00e9but d\u2019ann\u00e9e olympique.<\/p>\n<p><strong>Des absents qui n\u2019ont pas n\u00e9cessairement tort\u00a0<\/strong><\/p>\n<p>Parmi les grands absents \u00e0 cette A.G, on \u00e9voquera Ahizoune (Athl\u00e9tisme) et Lekjaa (Football). D\u2019abord, ils ont chacun \u00e9t\u00e9 bien repr\u00e9sent\u00e9s par des dirigeants de haut niveau, ensuite on sait que leur f\u00e9d\u00e9ration respective est un mod\u00e8le du genre, relativement parlant m\u00eame si le football a connu la meurtrissure de l\u2019\u00e9limination et sera absent de facto aux prochains JO.<\/p>\n<p>L\u2019Athl\u00e9tisme se sait tr\u00e8s attendu, car \u00e0 tout seigneur tout honneur.<\/p>\n<p>On sait que la FRMA a tir\u00e9 les enseignements des d\u00e9ceptions pass\u00e9es avec ses athl\u00e8tes qui, \u00e0 chaque fois, passent de pr\u00e8s \u00e0 c\u00f4t\u00e9 de l\u2019or. Tokyo donnera-t-il le 20 sur 20 tant attendu \u00e0 une discipline habitu\u00e9e \u00e0 combler les attentes du public. Pression\u2026 pression, mais c\u2019est de la bonne pression pour les joutes olympiques du Japon.<\/p>\n<p>Quant \u00e0 Lekjaa, il a fini la saison sur les chapeaux de roues et il sait qu\u2019il n\u2019a pas le temps de trop prendre de vacances et de gamberger. La Coupe du monde 2022 \u2026 commencera d\u00e8s ce mois de Janvier prochain, avec le tirage au sort pour les \u00e9liminatoires africaines qui, dans deux ans doivent nous donner le nom des 5 pays qui seront au Qatar en 2022.<\/p>\n<p>Gros chantier, d\u00e9j\u00e0, mais il y a aussi la CAF et son avenir incertain avec la pression que lui met la FIFA. Une bonne pression celle-ci encore et \u00e0 laquelle Lekjaa adh\u00e8re totalement avec Infantino. De grandes choses sont attendues d\u00e8s ce d\u00e9but d\u2019ann\u00e9e. Restons \u00e0 l\u2019\u00e9coute.<\/p>\n<p><strong>La victime expiatoire de l\u2019ann\u00e9e 2019<\/strong><\/p>\n<p>On aurait pu s\u2019en passer, mais les juges de la FRMF ont pr\u00e9f\u00e9r\u00e9 livrer \u00e0 la vindicte populaire et pour ob\u00e9ir aux diktats des consultants et de leurs m\u00e9dias, le malheureux arbitre Hicham Tiazi mis \u00e0 la retraite sans qu\u2019il ait pu se d\u00e9fendre. C\u2019est grand dommage de finir sur une note aussi injuste et quasi inhumaine.n<\/p>\n<div class=\"c17\">\n<fieldset class=\"c16\">\n<legend><strong><span class=\"c11\">Challenge<\/span><span class=\"c12\">news<\/span><\/strong><\/legend>\n<div class=\"c15\">Le meilleur de Challenge s\u00e9lectionn\u00e9 par la r\u00e9daction :<\/p>\n<\/div>\n<\/fieldset>\n<\/div>\n<p>Auteur: Najib Salmi<br \/>\n<a href=\"https:\/\/www.challenge.ma\/comment-avoir-20-sur-20-en-2020-126804\/\">Cliquez ici pour lire l&rsquo;article depuis sa source.<\/a><\/p>\n","protected":false},"excerpt":{"rendered":"<p>Ce si\u00e8cle, le 21\u00e8me, va entrer dans son bel \u00e2ge, il va aborder ses 20 ans. Eh oui, on est d\u00e9j\u00e0 en 2020 alors qu\u2019on a l\u2019impression, que l\u2019an 2000 c\u2019\u00e9tait encore hier. Un an 2000 tr\u00e8s fantasm\u00e9, car il \u00e9tait attendu comme un moment o\u00f9 tout changerait, \u00e9videmment, et comme par magie. Il y [&hellip;]<\/p>\n","protected":false},"author":1787,"featured_media":0,"comment_status":"closed","ping_status":"closed","sticky":false,"template":"","format":"standard","meta":{"fifu_image_url":"","fifu_image_alt":"","footnotes":""},"categories":[78,54],"tags":[],"class_list":["post-71631","post","type-post","status-publish","format-standard","hentry","category-economie","category-maroc"],"_links":{"self":[{"href":"https:\/\/linitiative.ca\/International\/wp-json\/wp\/v2\/posts\/71631","targetHints":{"allow":["GET"]}}],"collection":[{"href":"https:\/\/linitiative.ca\/International\/wp-json\/wp\/v2\/posts"}],"about":[{"href":"https:\/\/linitiative.ca\/International\/wp-json\/wp\/v2\/types\/post"}],"author":[{"embeddable":true,"href":"https:\/\/linitiative.ca\/International\/wp-json\/wp\/v2\/users\/1787"}],"replies":[{"embeddable":true,"href":"https:\/\/linitiative.ca\/International\/wp-json\/wp\/v2\/comments?post=71631"}],"version-history":[{"count":0,"href":"https:\/\/linitiative.ca\/International\/wp-json\/wp\/v2\/posts\/71631\/revisions"}],"wp:attachment":[{"href":"https:\/\/linitiative.ca\/International\/wp-json\/wp\/v2\/media?parent=71631"}],"wp:term":[{"taxonomy":"category","embeddable":true,"href":"https:\/\/linitiative.ca\/International\/wp-json\/wp\/v2\/categories?post=71631"},{"taxonomy":"post_tag","embeddable":true,"href":"https:\/\/linitiative.ca\/International\/wp-json\/wp\/v2\/tags?post=71631"}],"curies":[{"name":"wp","href":"https:\/\/api.w.org\/{rel}","templated":true}]}}