{"id":71633,"date":"2019-12-29T15:43:46","date_gmt":"2019-12-29T20:43:46","guid":{"rendered":"https:\/\/linitiative.ca\/International\/tunisie-hammamet-arrestation-dun-element-terroriste-qui-planifiait-un-attentat-la-veille-du-jour-de-lan\/"},"modified":"2019-12-29T15:43:46","modified_gmt":"2019-12-29T20:43:46","slug":"tunisie-hammamet-arrestation-dun-element-terroriste-qui-planifiait-un-attentat-la-veille-du-jour-de-lan","status":"publish","type":"post","link":"https:\/\/linitiative.ca\/International\/tunisie-hammamet-arrestation-dun-element-terroriste-qui-planifiait-un-attentat-la-veille-du-jour-de-lan\/","title":{"rendered":"Tunisie \u2013 Hammamet\u00a0: Arrestation d\u2019un \u00e9l\u00e9ment terroriste qui planifiait un attentat la veille du jour de l\u2019an"},"content":{"rendered":"<div class=\"post-cont-in left relative\">\n<p>Les forces s\u00e9curitaires du district de Nabeul ont r\u00e9ussi \u00e0 intercepter et appr\u00e9hender un \u00e9l\u00e9ment suspect\u00e9 d\u2019appartenir \u00e0 un groupe terroriste qui \u00e9tait sous surveillance. L\u2019individu en question avait planifi\u00e9 de perp\u00e9trer un attentat terroriste contre le poste de police de Hammamet, la veille du jour de l\u2019an.<\/p>\n<div class=\"code-block code-block-1 c3\"><ins class=\"adsbygoogle c2\" data-ad-layout=\"in-article\" data-ad-format=\"fluid\" data-ad-client=\"ca-pub-2102118777505746\" data-ad-slot=\"7301775417\"\/> <\/div>\n<p>Il a \u00e9t\u00e9 intercept\u00e9 alors qu\u2019il \u00e9tait \u00e0 bord d\u2019une voiture de louage, en train d\u2019accompagner les membres de sa famille\u00a0afin de\u00a0les mettre \u00e0 l\u2019abri \u00e0 Tunis, avant de revenir accomplir son forfait.<\/p>\n<div class=\"swp_social_panel swp_horizontal_panel swp_flat_fresh swp_default_full_color swp_individual_full_color swp_other_full_color scale-100 scale-\" data-min-width=\"1100\" data-float-color=\"#ffffff\" data-float=\"bottom\" data-float-mobile=\"bottom\" data-transition=\"slide\">\n<div class=\"nc_tweetContainer swp_share_button total_shares total_sharesalt\"><span class=\"swp_count\">20 <span class=\"swp_label\">Partages<\/span><\/span><\/div>\n<\/div>\n<p><strong>Que se passe-t-il en Tunisie?<\/strong><br \/>Nous expliquons sur notre <a href=\"https:\/\/www.youtube.com\/channel\/UCRzypVq0B_yBad5eGrwBx0Q?sub_confirmation=1\" target=\"_blank\" rel=\"noopener noreferrer\">cha\u00eene YouTube<\/a> . <a href=\"https:\/\/www.youtube.com\/channel\/UCRzypVq0B_yBad5eGrwBx0Q?sub_confirmation=1\" target=\"_blank\" rel=\"noopener noreferrer\">Abonnez-vous!<\/a><\/p>\n<div class=\"mvp-org-wrap mvp-org-logo\" itemprop=\"publisher\" itemscope=\"\" itemtype=\"https:\/\/schema.org\/Organization\"><img decoding=\"async\" src=\"https:\/\/www.tunisienumerique.com\/wp-content\/uploads\/2017\/02\/logo_tunisie_numerique.png\"\/><\/div>\n<div class=\"mvp-related-posts left relative\">\n<h4 class=\"post-header\"><span class=\"post-header\">Lire aussi<\/span><\/h4>\n<\/div>\n<\/div>\n<p>Auteur: LM<br \/>\n<a href=\"https:\/\/www.tunisienumerique.com\/tunisie-hammamet-arrestation-dun-element-terroriste-qui-planifiait-un-attentat-la-veille-du-jour-de-lan\/\">Cliquez ici pour lire l&rsquo;article depuis sa source.<\/a><\/p>\n","protected":false},"excerpt":{"rendered":"<p>Les forces s\u00e9curitaires du district de Nabeul ont r\u00e9ussi \u00e0 intercepter et appr\u00e9hender un \u00e9l\u00e9ment suspect\u00e9 d\u2019appartenir \u00e0 un groupe terroriste qui \u00e9tait sous surveillance. L\u2019individu en question avait planifi\u00e9 de perp\u00e9trer un attentat terroriste contre le poste de police de Hammamet, la veille du jour de l\u2019an. Il a \u00e9t\u00e9 intercept\u00e9 alors qu\u2019il \u00e9tait [&hellip;]<\/p>\n","protected":false},"author":1789,"featured_media":71634,"comment_status":"closed","ping_status":"closed","sticky":false,"template":"","format":"standard","meta":{"fifu_image_url":"","fifu_image_alt":"","footnotes":""},"categories":[73,55],"tags":[],"class_list":["post-71633","post","type-post","status-publish","format-standard","has-post-thumbnail","hentry","category-actualite","category-tunisie"],"_links":{"self":[{"href":"https:\/\/linitiative.ca\/International\/wp-json\/wp\/v2\/posts\/71633","targetHints":{"allow":["GET"]}}],"collection":[{"href":"https:\/\/linitiative.ca\/International\/wp-json\/wp\/v2\/posts"}],"about":[{"href":"https:\/\/linitiative.ca\/International\/wp-json\/wp\/v2\/types\/post"}],"author":[{"embeddable":true,"href":"https:\/\/linitiative.ca\/International\/wp-json\/wp\/v2\/users\/1789"}],"replies":[{"embeddable":true,"href":"https:\/\/linitiative.ca\/International\/wp-json\/wp\/v2\/comments?post=71633"}],"version-history":[{"count":0,"href":"https:\/\/linitiative.ca\/International\/wp-json\/wp\/v2\/posts\/71633\/revisions"}],"wp:featuredmedia":[{"embeddable":true,"href":"https:\/\/linitiative.ca\/International\/wp-json\/"}],"wp:attachment":[{"href":"https:\/\/linitiative.ca\/International\/wp-json\/wp\/v2\/media?parent=71633"}],"wp:term":[{"taxonomy":"category","embeddable":true,"href":"https:\/\/linitiative.ca\/International\/wp-json\/wp\/v2\/categories?post=71633"},{"taxonomy":"post_tag","embeddable":true,"href":"https:\/\/linitiative.ca\/International\/wp-json\/wp\/v2\/tags?post=71633"}],"curies":[{"name":"wp","href":"https:\/\/api.w.org\/{rel}","templated":true}]}}