{"id":71635,"date":"2019-12-29T16:40:40","date_gmt":"2019-12-29T21:40:40","guid":{"rendered":"https:\/\/linitiative.ca\/International\/tunisie-la-phrase-de-trop-de-jemli-qui-a-fache-rached-ghannouchi\/"},"modified":"2019-12-29T16:40:40","modified_gmt":"2019-12-29T21:40:40","slug":"tunisie-la-phrase-de-trop-de-jemli-qui-a-fache-rached-ghannouchi","status":"publish","type":"post","link":"https:\/\/linitiative.ca\/International\/tunisie-la-phrase-de-trop-de-jemli-qui-a-fache-rached-ghannouchi\/","title":{"rendered":"Tunisie \u2013 La phrase de trop de Jemli qui a f\u00e2ch\u00e9 Rached Ghannouchi"},"content":{"rendered":"<div class=\"post-cont-in left relative\">\n<p>Les relations entre le Cheikh <a href=\"https:\/\/www.tunisienumerique.com\/tunisie-actualite\/rached-ghannouchi\/\" title=\"Rached Ghannouchi\" target=\"_top\" class=\"auto-link\" rel=\"noopener noreferrer\">Rached Ghannouchi<\/a>, pr\u00e9sident d\u2019<a href=\"https:\/\/www.tunisienumerique.com\/tunisie-actualite\/ennahdha\/\" title=\"Ennahdha\" target=\"_top\" class=\"auto-link\" rel=\"noopener noreferrer\">Ennahdha<\/a> et <a href=\"https:\/\/www.tunisienumerique.com\/tunisie-actualite\/habib-jemli\/\" title=\"Habib Jemli\" target=\"_top\" class=\"auto-link\" rel=\"noopener noreferrer\">Habib Jemli<\/a> pourtant, le poulain, qu\u2019il a charg\u00e9 de former le prochain gouvernement, ne sont plus au beau fixe. Bien au contraire, elles sont d\u00e9sormais tr\u00e8s tendues, voire plus.<\/p>\n<div class=\"code-block code-block-1 c3\"><ins class=\"adsbygoogle c2\" data-ad-layout=\"in-article\" data-ad-format=\"fluid\" data-ad-client=\"ca-pub-2102118777505746\" data-ad-slot=\"7301775417\"\/> <\/div>\n<p>En cause de cette rupture : Une phrase de trop que Habib Jemli s\u2019est donn\u00e9e la libert\u00e9 de prononcer. En effet, en sortant du palais pr\u00e9sidentiel, suite \u00e0 la derni\u00e8re r\u00e9union entre <a href=\"https:\/\/www.tunisienumerique.com\/tunisie-actualite\/kais-saied\/\" title=\"Ka\u00efs Sa\u00efed\" target=\"_top\" class=\"auto-link\" rel=\"noopener noreferrer\">Ka\u00efs Sa\u00efed<\/a> et les diff\u00e9rentes parties concern\u00e9es par la formation du gouvernement et dans une mise en sc\u00e8ne, pourtant ficel\u00e9e avec le Cheikh, Habib Jemli a annonc\u00e9 qu\u2019il en avait marre des tensions et des demandes exub\u00e9rantes des partis politiques et qu\u2019il avait d\u00e9cid\u00e9 de passer \u00e0 la formule d\u2019un gouvernement de comp\u00e9tences nationales ind\u00e9pendantes, \u00e9loign\u00e9es de tous les partis politiques.<\/p>\n<p>C\u2019est ce dernier bout de phrase, <em>\u00ab\u00a0\u00e9loign\u00e9es de tous les partis politiques\u00a0\u00bb<\/em>, qui a f\u00e2ch\u00e9 le Cheikh, car quand il a dict\u00e9 \u00e0 Jemli ce qu\u2019il devait dire, il ne lui a jamais demand\u00e9 de prononcer cette phrase, dans laquelle Jemli n\u2019a vu aucun mal et a pris la libert\u00e9 de la prononcer,\u00a0dans\u00a0un \u00e9lan, qu\u2019on lui avait accord\u00e9 de prendre.<\/p>\n<p>Or, la chute de cette phrase a tout g\u00e2ch\u00e9. Car elle a jet\u00e9 la discorde entre les deux hommes. Puisque, d\u2019un c\u00f4t\u00e9, Jemli s\u2019est engag\u00e9, devant tout le monde, sur la voie du choix de personnes qui n\u2019ont aucun lien avec les partis politiques, le moindre \u00e9cart allait s\u00e9rieusement entamer sa cr\u00e9dibilit\u00e9 et sa notori\u00e9t\u00e9 aux yeux de tout le monde, alors que le Cheikh lui avait demand\u00e9 de s\u2019arr\u00eater au mot comp\u00e9tences nationales ind\u00e9pendantes, sans ajouter la formule \u00ab\u00a0\u00e9loign\u00e9es de tous les partis politiques\u00a0\u00bb, de fa\u00e7on \u00e0 ce qu\u2019il puisse, tout de m\u00eame, placer dans le gouvernement, quelques unes des comp\u00e9tences incomparables d\u2019Ennahdha, \u00e0 l\u2019instar de Sa\u00efda Lounissi \u00e0 l\u2019Emploi et surtout, Ahmed Ga\u00e2loul, \u00e0 la Jeunesse et aux Sports. Car Ga\u00e2loul avait pour contrat de \u00ab\u00a0s\u2019occuper\u00a0\u00bb des prochaines g\u00e9n\u00e9rations tunisiennes. D\u2019ailleurs en prenant part au gouvernement, il allait lib\u00e9rer son si\u00e8ge \u00e0 l\u2019ARP, qui reviendrait automatiquement \u00e0 l\u2019inconditionnelle et fid\u00e8le Mehrezia La\u00e2bidi.<\/p>\n<p>Malheureusement, tous ces projets du Cheikh sont tomb\u00e9s \u00e0 l\u2019eau, \u00e0 cause d\u2019un petit bout de phrase que Jemli s\u2019est donn\u00e9 la libert\u00e9 de prononcer sans y \u00eatre autoris\u00e9.<\/p>\n<div class=\"swp_social_panel swp_horizontal_panel swp_flat_fresh swp_default_full_color swp_individual_full_color swp_other_full_color scale-100 scale-\" data-min-width=\"1100\" data-float-color=\"#ffffff\" data-float=\"bottom\" data-float-mobile=\"bottom\" data-transition=\"slide\">\n<div class=\"nc_tweetContainer swp_share_button total_shares total_sharesalt\"><span class=\"swp_count\">36 <span class=\"swp_label\">Partages<\/span><\/span><\/div>\n<\/div>\n<p><strong>Que se passe-t-il en Tunisie?<\/strong><br \/>Nous expliquons sur notre <a href=\"https:\/\/www.youtube.com\/channel\/UCRzypVq0B_yBad5eGrwBx0Q?sub_confirmation=1\" target=\"_blank\" rel=\"noopener noreferrer\">cha\u00eene YouTube<\/a> . <a href=\"https:\/\/www.youtube.com\/channel\/UCRzypVq0B_yBad5eGrwBx0Q?sub_confirmation=1\" target=\"_blank\" rel=\"noopener noreferrer\">Abonnez-vous!<\/a><\/p>\n<div class=\"mvp-org-wrap mvp-org-logo\" itemprop=\"publisher\" itemscope=\"\" itemtype=\"https:\/\/schema.org\/Organization\"><img decoding=\"async\" src=\"https:\/\/www.tunisienumerique.com\/wp-content\/uploads\/2017\/02\/logo_tunisie_numerique.png\"\/><\/div>\n<div class=\"mvp-related-posts left relative\">\n<h4 class=\"post-header\"><span class=\"post-header\">Lire aussi<\/span><\/h4>\n<\/div>\n<\/div>\n<p>Auteur: Ramsis<br \/>\n<a href=\"https:\/\/www.tunisienumerique.com\/tunisie-la-phrase-de-trop-de-jemli-qui-a-fache-rached-ghannouchi\/\">Cliquez ici pour lire l&rsquo;article depuis sa source.<\/a><\/p>\n","protected":false},"excerpt":{"rendered":"<p>Les relations entre le Cheikh Rached Ghannouchi, pr\u00e9sident d\u2019Ennahdha et Habib Jemli pourtant, le poulain, qu\u2019il a charg\u00e9 de former le prochain gouvernement, ne sont plus au beau fixe. Bien au contraire, elles sont d\u00e9sormais tr\u00e8s tendues, voire plus. En cause de cette rupture : Une phrase de trop que Habib Jemli s\u2019est donn\u00e9e la [&hellip;]<\/p>\n","protected":false},"author":1789,"featured_media":71636,"comment_status":"closed","ping_status":"closed","sticky":false,"template":"","format":"standard","meta":{"fifu_image_url":"","fifu_image_alt":"","footnotes":""},"categories":[73,55],"tags":[],"class_list":["post-71635","post","type-post","status-publish","format-standard","has-post-thumbnail","hentry","category-actualite","category-tunisie"],"_links":{"self":[{"href":"https:\/\/linitiative.ca\/International\/wp-json\/wp\/v2\/posts\/71635","targetHints":{"allow":["GET"]}}],"collection":[{"href":"https:\/\/linitiative.ca\/International\/wp-json\/wp\/v2\/posts"}],"about":[{"href":"https:\/\/linitiative.ca\/International\/wp-json\/wp\/v2\/types\/post"}],"author":[{"embeddable":true,"href":"https:\/\/linitiative.ca\/International\/wp-json\/wp\/v2\/users\/1789"}],"replies":[{"embeddable":true,"href":"https:\/\/linitiative.ca\/International\/wp-json\/wp\/v2\/comments?post=71635"}],"version-history":[{"count":0,"href":"https:\/\/linitiative.ca\/International\/wp-json\/wp\/v2\/posts\/71635\/revisions"}],"wp:featuredmedia":[{"embeddable":true,"href":"https:\/\/linitiative.ca\/International\/wp-json\/"}],"wp:attachment":[{"href":"https:\/\/linitiative.ca\/International\/wp-json\/wp\/v2\/media?parent=71635"}],"wp:term":[{"taxonomy":"category","embeddable":true,"href":"https:\/\/linitiative.ca\/International\/wp-json\/wp\/v2\/categories?post=71635"},{"taxonomy":"post_tag","embeddable":true,"href":"https:\/\/linitiative.ca\/International\/wp-json\/wp\/v2\/tags?post=71635"}],"curies":[{"name":"wp","href":"https:\/\/api.w.org\/{rel}","templated":true}]}}