{"id":71641,"date":"2019-12-29T15:50:02","date_gmt":"2019-12-29T20:50:02","guid":{"rendered":"https:\/\/linitiative.ca\/International\/americain-tue-en-irak-washington-mene-des-raids-de-represailles-sur-des-bases-des-pro-iran\/"},"modified":"2019-12-29T15:50:02","modified_gmt":"2019-12-29T20:50:02","slug":"americain-tue-en-irak-washington-mene-des-raids-de-represailles-sur-des-bases-des-pro-iran","status":"publish","type":"post","link":"https:\/\/linitiative.ca\/International\/americain-tue-en-irak-washington-mene-des-raids-de-represailles-sur-des-bases-des-pro-iran\/","title":{"rendered":"Am\u00e9ricain tu\u00e9 en Irak: Washington m\u00e8ne des raids de repr\u00e9sailles sur des bases des pro-Iran"},"content":{"rendered":"<p>L\u2019arm\u00e9e am\u00e9ricaine a lanc\u00e9 dimanche une s\u00e9rie de raids contre des bases d\u2019une faction arm\u00e9e pro-Iran, tuant 15 combattants, deux jours apr\u00e8s une attaque \u00e0 la roquette qui a tu\u00e9 pour la premi\u00e8re fois un Am\u00e9ricain en Irak.<\/p>\n<p>Quelques heures apr\u00e8s ces raids, quatre roquettes se sont abattues pr\u00e8s d\u2019une base abritant des soldats am\u00e9ricains non loin de Bagdad, a indiqu\u00e9 un responsable des services de s\u00e9curit\u00e9.<\/p>\n<p>Les frappes contre des bases et des stocks d\u2019armes des brigades du Hezbollah \u00e0 la fronti\u00e8re entre Irak et Syrie interviennent apr\u00e8s deux mois d\u2019une escalade sans pr\u00e9c\u00e9dent dans les tirs de roquettes contre les int\u00e9r\u00eats am\u00e9ricains en Irak, pays en pleine r\u00e9volte contre le pouvoir et son parrain iranien alors que Washington est d\u00e9sormais, politiquement, aux abonn\u00e9s absents.<\/p>\n<p>Elles visent, a assur\u00e9 le porte-parole du Pentagone, Jonathan Hoffman, \u00e0 \u00ab\u00a0affaiblir les capacit\u00e9s des brigades du Hezbollah \u00e0 mener de futures attaques\u00a0\u00bb.<\/p>\n<p>Car depuis le 28 octobre, onze attaques ont vis\u00e9 des bases militaires irakiennes o\u00f9 sont post\u00e9s des soldats ou des diplomates am\u00e9ricains et jusque l\u2019ambassade am\u00e9ricaine dans l\u2019ultra-s\u00e9curis\u00e9e Zone verte de Bagdad.<\/p>\n<p>Les dix premi\u00e8res attaques ont fait un mort et des bless\u00e9s dans les rangs des militaires irakiens, ainsi que des d\u00e9g\u00e2ts mat\u00e9riels, mais celle de vendredi soir a marqu\u00e9 un tournant.<\/p>\n<p>\u2013 15 morts, 30 bless\u00e9s \u2013<\/p>\n<p>Non seulement elle a tu\u00e9 un sous-traitant am\u00e9ricain mais, pour la premi\u00e8re fois, 36 roquettes se sont abattues sur une seule et m\u00eame base o\u00f9 sont post\u00e9s des soldats am\u00e9ricains, rapporte une source am\u00e9ricaine.<\/p>\n<p>Et les projectiles ont vis\u00e9 la base K1 \u00e0 Kirkouk, zone p\u00e9troli\u00e8re au nord de Bagdad que le Kurdistan dispute aux autorit\u00e9s f\u00e9d\u00e9rales, avec une pr\u00e9cision in\u00e9dite.<\/p>\n<p>\u00ab\u00a0Les tirs ont vis\u00e9 pr\u00e9cis\u00e9ment la zone o\u00f9 se trouvent les Am\u00e9ricains, pr\u00e8s de la salle de r\u00e9union\u00a0\u00bb, a indiqu\u00e9 un responsable irakien \u00e0 l\u2019AFP au moment m\u00eame o\u00f9 de hauts commandants de la police irakienne et de la coalition internationale antijihadistes auraient d\u00fb s\u2019y retrouver.<\/p>\n<p>Ils devaient diriger une vaste op\u00e9ration dans des zones montagneuses o\u00f9 se terrent toujours des cellules du groupe Etat islamique (EI), annul\u00e9e au dernier moment en raison de conditions m\u00e9t\u00e9orologiques d\u00e9favorables, selon la police.<\/p>\n<p>Pour plusieurs de ces attaques, des sources am\u00e9ricaines ont accus\u00e9 les brigades du Hezbollah, une des factions pro-Iran du Hachd al-Chaabi irakien, coalition de paramilitaires form\u00e9e pour lutter contre les jihadistes et d\u00e9sormais int\u00e9gr\u00e9e aux forces de s\u00e9curit\u00e9 irakiennes.<\/p>\n<p>Les brigades du Hezbollah, puissamment arm\u00e9es, entra\u00een\u00e9es et financ\u00e9es par l\u2019Iran, op\u00e8rent pour partie au sein du Hachd \u2013donc des troupes r\u00e9guli\u00e8res irakiennes\u2013 et pour partie ind\u00e9pendamment, notamment en Syrie, o\u00f9 elles servent de suppl\u00e9tifs aux forces du r\u00e9gime de Bachar al-Assad.<\/p>\n<p>Un responsable au sein du Hachd al-Chaabi a affirm\u00e9 \u00e0 l\u2019AFP, sous le couvert de l\u2019anonymat, qu\u2019au moins 15 combattants du Hachd, dont des commandants, avaient \u00e9t\u00e9 tu\u00e9s dans ses frappes men\u00e9es dans l\u2019ouest de la province d\u00e9sertique d\u2019al-Anbar qui va de Bagdad \u00e0 la fronti\u00e8re syrienne.<\/p>\n<p>Le porte-parole militaire du Premier ministre d\u00e9missionnaire Adel Abdel Mahdi, commandant en chef des arm\u00e9es, a d\u00e9nonc\u00e9 \u00ab\u00a0une violation de la souverainet\u00e9 irakienne\u00a0\u00bb.<\/p>\n<p>Et une autre puissante faction pro-Iran, Assa\u00efb Ahl al-Haq, dont les chefs ont r\u00e9cemment \u00e9t\u00e9 vis\u00e9s par des sanctions am\u00e9ricaines, a relanc\u00e9 la campagne que m\u00e8nent r\u00e9guli\u00e8rement ses repr\u00e9sentants au Parlement pour bouter les Am\u00e9ricains hors du pays.<\/p>\n<p>\u00ab\u00a0La pr\u00e9sence militaire am\u00e9ricaine est devenue un fardeau pour l\u2019Etat irakien et, surtout, une source de menace et d\u2019attaques contre nos forces\u00a0\u00bb, indique-t-elle dans un communiqu\u00e9. \u00ab\u00a0Il est d\u00e9sormais imp\u00e9ratif pour tous de tout faire pour les expulser par tous les moyens l\u00e9gitimes\u00a0\u00bb.<\/p>\n<p>\u2013 Crise sociale et politique \u2013<\/p>\n<p>Les attaques contre des int\u00e9r\u00eats am\u00e9ricains ou des bases des pro-Iran font aussi redouter ce contre quoi les dirigeants irakiens mettent en garde depuis des mois: que leurs deux alli\u00e9s am\u00e9ricain et iranien utilisent leur sol comme un champ de bataille.<\/p>\n<p>Aujourd\u2019hui toutefois, le rapport de force a chang\u00e9 dans le pays, o\u00f9 sont toujours stationn\u00e9s 5.200 soldats am\u00e9ricains.<\/p>\n<p>L\u2019Iran a renforc\u00e9 son influence chez son voisin au d\u00e9triment de Washington, aux abonn\u00e9s absents ou presque depuis trois mois d\u2019une r\u00e9volte sans pr\u00e9c\u00e9dent.<\/p>\n<p>Depuis la d\u00e9mission du gouvernement irakien il y a pr\u00e8s d\u2019un mois, la R\u00e9publique islamique et ses alli\u00e9s en Irak poussent pour placer un de leurs hommes au poste de Premier ministre. Face \u00e0 l\u2019intransigeance iranienne, le pr\u00e9sident Barham Saleh menace lui aussi de d\u00e9missionner.<\/p>\n<p>L\u2019instabilit\u00e9 politique a \u00e9t\u00e9 d\u00e9clench\u00e9e par la pire crise sociale que conna\u00eet le deuxi\u00e8me producteur de p\u00e9trole de l\u2019Opep avec pr\u00e8s de 460 morts et 25.000 bless\u00e9s.<\/p>\n<p>Les manifestants conspuent les autorit\u00e9s et leur parrain iranien, et paralysent toujours administrations et \u00e9coles dans la quasi-totalit\u00e9 des villes du Sud. Depuis samedi, ils sont m\u00eame parvenus \u00e0 interrompre pour la premi\u00e8re fois depuis trois mois la production \u2013de 82.000 barils par jour\u2013 d\u2019un champ de p\u00e9trole du sud du pays.<\/p>\n<p>Auteur: AFP<br \/>\n<a href=\"https:\/\/www.journalducameroun.com\/americain-tue-en-irak-washington-mene-des-raids-de-represailles-sur-des-bases-des-pro-iran\/\">Cliquez ici pour lire l&rsquo;article depuis sa source.<\/a><\/p>\n","protected":false},"excerpt":{"rendered":"<p>L\u2019arm\u00e9e am\u00e9ricaine a lanc\u00e9 dimanche une s\u00e9rie de raids contre des bases d\u2019une faction arm\u00e9e pro-Iran, tuant 15 combattants, deux jours apr\u00e8s une attaque \u00e0 la roquette qui a tu\u00e9 pour la premi\u00e8re fois un Am\u00e9ricain en Irak. Quelques heures apr\u00e8s ces raids, quatre roquettes se sont abattues pr\u00e8s d\u2019une base abritant des soldats am\u00e9ricains [&hellip;]<\/p>\n","protected":false},"author":1965,"featured_media":0,"comment_status":"closed","ping_status":"closed","sticky":false,"template":"","format":"standard","meta":{"fifu_image_url":"","fifu_image_alt":"","footnotes":""},"categories":[73,82],"tags":[],"class_list":["post-71641","post","type-post","status-publish","format-standard","hentry","category-actualite","category-cameroun"],"_links":{"self":[{"href":"https:\/\/linitiative.ca\/International\/wp-json\/wp\/v2\/posts\/71641","targetHints":{"allow":["GET"]}}],"collection":[{"href":"https:\/\/linitiative.ca\/International\/wp-json\/wp\/v2\/posts"}],"about":[{"href":"https:\/\/linitiative.ca\/International\/wp-json\/wp\/v2\/types\/post"}],"author":[{"embeddable":true,"href":"https:\/\/linitiative.ca\/International\/wp-json\/wp\/v2\/users\/1965"}],"replies":[{"embeddable":true,"href":"https:\/\/linitiative.ca\/International\/wp-json\/wp\/v2\/comments?post=71641"}],"version-history":[{"count":0,"href":"https:\/\/linitiative.ca\/International\/wp-json\/wp\/v2\/posts\/71641\/revisions"}],"wp:attachment":[{"href":"https:\/\/linitiative.ca\/International\/wp-json\/wp\/v2\/media?parent=71641"}],"wp:term":[{"taxonomy":"category","embeddable":true,"href":"https:\/\/linitiative.ca\/International\/wp-json\/wp\/v2\/categories?post=71641"},{"taxonomy":"post_tag","embeddable":true,"href":"https:\/\/linitiative.ca\/International\/wp-json\/wp\/v2\/tags?post=71641"}],"curies":[{"name":"wp","href":"https:\/\/api.w.org\/{rel}","templated":true}]}}