{"id":71643,"date":"2019-12-29T17:18:04","date_gmt":"2019-12-29T22:18:04","guid":{"rendered":"https:\/\/linitiative.ca\/International\/les-abidjanais-preparent-timidement-les-fetes-de-fin-dannee\/"},"modified":"2019-12-29T17:18:04","modified_gmt":"2019-12-29T22:18:04","slug":"les-abidjanais-preparent-timidement-les-fetes-de-fin-dannee","status":"publish","type":"post","link":"https:\/\/linitiative.ca\/International\/les-abidjanais-preparent-timidement-les-fetes-de-fin-dannee\/","title":{"rendered":"Les abidjanais pr\u00e9parent timidement les f\u00eates de fin d\u2019ann\u00e9e"},"content":{"rendered":"<div readability=\"32\">\n<p>Publi\u00e9 le 29.12.2019 \u00e0 23h18 par APA News<\/p>\n<\/div>\n<div readability=\"104\">\n<p>A soixante-douze heures des f\u00eates de fin d\u2019ann\u00e9es (St Sylvestre et nouvel an), il n\u2019y a pas d\u2019affluence dans les commerces de v\u00eatements et autres salons de coiffure ou de beaut\u00e9 de la capitale \u00e9conomique ivoirienne, a constat\u00e9 APA sur place samedi dans la commune commerciale d\u2019Adjam\u00e9 (Centre d\u2019Abidjan) et \u00e0 Abobo, un quartier populaire au Nord d\u2019Abidjan.\u00a0A Adjam\u00e9, dans la plupart des grands magasins situ\u00e9s le long du c\u00e9l\u00e8bre boulevard Nangui Abrogoua, l\u2019affluence n\u2019est pas au rendez-vous contrairement aux ann\u00e9es pr\u00e9c\u00e9dentes o\u00f9 \u00e0 la m\u00eame p\u00e9riode de l\u2019ann\u00e9e les commer\u00e7ants se frottent les mains.<\/p>\n<p>\u00a0A 10 heures, avec la mine grave et le regard fix\u00e9 dans un roman qu\u2019il tient \u00e0 la main, \u00a0Abdoulaye, un jeune commer\u00e7ant de v\u00eatements f\u00e9minins \u00a0d\u2019origine s\u00e9n\u00e9galaise \u00a0\u00e2g\u00e9 d\u2019une quarantaine d\u2019ann\u00e9es environ, n\u2019a pas encore enregistr\u00e9 son premier client de la journ\u00e9e.<\/p>\n<p>\u00ab Cette ann\u00e9e, c\u2019est vraiment moche pour l\u2019instant. J\u2019arrive \u00e0 peine \u00e0 vendre cinq articles par jour. Or les ann\u00e9es pr\u00e9c\u00e9dentes, \u00e0 cette m\u00eame p\u00e9riode de l\u2019ann\u00e9e, il \u00e9tait difficile de se frayer un chemin devant les magasins qui sont ici. Mais, on a la foi et on esp\u00e8re que les trois jours avant la fin de l\u2019ann\u00e9e il y\u2019aura plus d\u2019engouement \u00bb.<\/p>\n<p>Sur ce mythique boulevard qui s\u2019est \u00a0vu d\u00e9barrasser il y\u2019 a quelques mois de ces milliers de vendeurs ambulants de v\u00eatements et de chaussures, Ali et ses amis r\u00e9sistent encore \u00e0 cette mesure des autorit\u00e9s municipales et continuent de commercialiser leurs articles \u00e0 la sauvette.<\/p>\n<p>Leur sort est le m\u00eame que celui d\u2019Abdoulaye en cette fin d\u2019ann\u00e9e. \u00ab Nous on vend de la friperie \u00e0 la sauvette car il nous a \u00e9t\u00e9 interdit de mettre nos \u00e9tals aux abords du boulevard. Mais \u00e7a ne marche vraiment pas pour nous. On ne sent m\u00eame pas qu\u2019on est en fin d\u2019ann\u00e9e, les choses ne bougent pas comme auparavant\u00bb, s\u2019offusqu\u00e9 Ali esp\u00e9rant lui-aussi plus d\u2019engouement des clients les jours \u00e0 venir.<\/p>\n<p>Dans les salons de beaut\u00e9, les femmes viennent au compte-gouttes<\/p>\n<p>Les salons de beaut\u00e9 et de coiffure, d\u2019ordinaire pris\u00e9s par la gent f\u00e9minine en p\u00e9riode de f\u00eate, peinent \u00e9galement \u00e0 avoir des clientes \u00e0 trois jours des f\u00eates de fin d\u2019ann\u00e9e. \u00a0A Abobo, une commune populaire au Nord d\u2019Abidjan, plusieurs g\u00e9rantes de salon de beaut\u00e9 s\u2019\u00e9tonnent du manque d\u2019engouement des femmes \u00e0 trois jours des f\u00eates.<\/p>\n<p>\u00a0\u00ab Les autres ann\u00e9es, en p\u00e9riode de f\u00eate, mon salon ne d\u00e9semplit pas. \u00a0Je travaille parfois toute la nuit avec mes collaboratrices tellement l\u2019affluence est grande. Mais, cette ann\u00e9e, jusque-l\u00e0 on n\u2019est pas d\u00e9bord\u00e9. On ne sait pas si c\u2019est parce que les gens n\u2019ont pas d\u2019argent ou si c\u2019est parce que les femmes ne veulent pas se rendre belle\u00bb, s\u2019est interrog\u00e9e A\u00efda qui g\u00e8re un salon de beaut\u00e9 \u00e0 la Sogephia.<\/p>\n<p>C\u2019est le m\u00eame constat dans le salon de coiffure de Mme Konan sis \u00e0 Abobo-Agb\u00e9koi. La cinquantaine r\u00e9volue, elle dit exercer ce m\u00e9tier depuis une quinzaine d\u2019ann\u00e9es.<\/p>\n<p>\u00ab Je fais ce m\u00e9tier il y\u2019a plus de 15 ans et je gagne ma vie gr\u00e2ce \u00e0 cela. En cette fin d\u2019ann\u00e9e, les choses tournent encore au ralenti contrairement aux autres ann\u00e9es. Il n\u2019y a pas encore d\u2019affluence. Mais, il n\u2019est pas trop tard. Il reste encore trois jours avant la fin de l\u2019ann\u00e9e, on croit que les femmes viendront se rendre belles \u00bb, esp\u00e8re Mme Konan.<\/p>\n<\/div>\n<p>Auteur: APA News<br \/>\n<a href=\"https:\/\/www.journalducameroun.com\/les-abidjanais-preparent-timidement-les-fetes-de-fin-dannee\/\">Cliquez ici pour lire l&rsquo;article depuis sa source.<\/a><\/p>\n","protected":false},"excerpt":{"rendered":"<p>Publi\u00e9 le 29.12.2019 \u00e0 23h18 par APA News A soixante-douze heures des f\u00eates de fin d\u2019ann\u00e9es (St Sylvestre et nouvel an), il n\u2019y a pas d\u2019affluence dans les commerces de v\u00eatements et autres salons de coiffure ou de beaut\u00e9 de la capitale \u00e9conomique ivoirienne, a constat\u00e9 APA sur place samedi dans la commune commerciale d\u2019Adjam\u00e9 [&hellip;]<\/p>\n","protected":false},"author":1965,"featured_media":0,"comment_status":"closed","ping_status":"closed","sticky":false,"template":"","format":"standard","meta":{"fifu_image_url":"","fifu_image_alt":"","footnotes":""},"categories":[73,82],"tags":[],"class_list":["post-71643","post","type-post","status-publish","format-standard","hentry","category-actualite","category-cameroun"],"_links":{"self":[{"href":"https:\/\/linitiative.ca\/International\/wp-json\/wp\/v2\/posts\/71643","targetHints":{"allow":["GET"]}}],"collection":[{"href":"https:\/\/linitiative.ca\/International\/wp-json\/wp\/v2\/posts"}],"about":[{"href":"https:\/\/linitiative.ca\/International\/wp-json\/wp\/v2\/types\/post"}],"author":[{"embeddable":true,"href":"https:\/\/linitiative.ca\/International\/wp-json\/wp\/v2\/users\/1965"}],"replies":[{"embeddable":true,"href":"https:\/\/linitiative.ca\/International\/wp-json\/wp\/v2\/comments?post=71643"}],"version-history":[{"count":0,"href":"https:\/\/linitiative.ca\/International\/wp-json\/wp\/v2\/posts\/71643\/revisions"}],"wp:attachment":[{"href":"https:\/\/linitiative.ca\/International\/wp-json\/wp\/v2\/media?parent=71643"}],"wp:term":[{"taxonomy":"category","embeddable":true,"href":"https:\/\/linitiative.ca\/International\/wp-json\/wp\/v2\/categories?post=71643"},{"taxonomy":"post_tag","embeddable":true,"href":"https:\/\/linitiative.ca\/International\/wp-json\/wp\/v2\/tags?post=71643"}],"curies":[{"name":"wp","href":"https:\/\/api.w.org\/{rel}","templated":true}]}}