{"id":71645,"date":"2019-12-30T07:57:22","date_gmt":"2019-12-30T12:57:22","guid":{"rendered":"https:\/\/linitiative.ca\/International\/le-centre-cinematographique-marocain-approuve-son-plan-daction-2020-2022\/"},"modified":"2019-12-30T07:57:22","modified_gmt":"2019-12-30T12:57:22","slug":"le-centre-cinematographique-marocain-approuve-son-plan-daction-2020-2022","status":"publish","type":"post","link":"https:\/\/linitiative.ca\/International\/le-centre-cinematographique-marocain-approuve-son-plan-daction-2020-2022\/","title":{"rendered":"Le Centre cin\u00e9matographique marocain approuve son plan d\u2019action 2020-2022"},"content":{"rendered":"<p><img decoding=\"async\" class=\"post_layout_5_img\" src=\"http:\/\/aujourdhui.ma\/wp-content\/uploads\/2016\/08\/tournage-Cinema-desert-marocain.jpg?x29840\" alt=\"Le Centre cin\u00e9matographique marocain approuve son plan d\u2019action 2020-2022\"\/><\/p>\n<p class=\"p1\"><span class=\"c4\"><strong>R\u00e9organisation du CCM, examen du projet de loi relatif \u00e0 l\u2019industrie cin\u00e9matographique\u2026<\/strong><\/span><span id=\"more-328116\"\/><\/p>\n<p class=\"p1\"><span class=\"s1\">Le conseil d\u2019administration du Centre cin\u00e9matographique marocain (CCM) a approuv\u00e9 son plan d\u2019action 2020-2022 et son programme d\u2019action pour l\u2019ann\u00e9e 2020. Lors de ce conseil, Sarim Fassi Fihri, directeur du CCM, a indiqu\u00e9 dans ce sens que <em>\u00able plan d\u2019action du Centre se base sur plusieurs axes compl\u00e9mentaires et s\u2019assigne pour objectif de d\u00e9velopper l\u2019industrie cin\u00e9matographique du pays, de consolider les m\u00e9canismes de gouvernance et de promouvoir la qualit\u00e9 de toutes les branches de cette industrie\u00bb.<\/em><\/span><\/p>\n<p class=\"p1\"><span class=\"s1\">Dans ce cadre, le programme d\u2019action conna\u00eetra l\u2019accompagnement de l\u2019adoption du projet de loi portant r\u00e9organisation du Centre cin\u00e9matographique marocain et modifiant la loi N\u00b020.99 relative \u00e0 l\u2019organisation de l\u2019industrie cin\u00e9matographique, avec la pr\u00e9paration de tous les textes d\u2019application et mettre en \u0153uvre toutes les nouvelles dispositions de cette loi. L\u2019ann\u00e9e 2020 conna\u00eetra \u00e9galement l\u2019examen du projet de loi relative \u00e0 l\u2019industrie cin\u00e9matographique, soumis aux d\u00e9partements minist\u00e9riels concern\u00e9s. Il s\u2019agira ainsi de remettre en question l\u2019arr\u00eat\u00e9 conjoint relatif au soutien \u00e0 la production cin\u00e9matographique nationale selon une approche participative et une nouvelle vision r\u00e9pondant aux aspirations de tous les professionnels et intervenants du secteur.<\/span><\/p>\n<p class=\"p1\"><span class=\"s1\">Lors de ce conseil, El Hassan Abyaba, ministre de la culture, de la jeunesse et des sports, porte-parole du gouvernement, a pass\u00e9 en revue le bilan cin\u00e9matographique du CCM et examin\u00e9 les points mentionn\u00e9s dans l\u2019ordre du jour, avant d\u2019adopter des recommandations sp\u00e9cifiques pour le d\u00e9veloppement du secteur. A cette occasion, M. Abyaba a lou\u00e9 les efforts d\u00e9ploy\u00e9s par tous les intervenants pour d\u00e9velopper l\u2019industrie cin\u00e9matographique nationale et am\u00e9liorer la qualit\u00e9 de la production, que ce soit au niveau des contenus ou du traitement artistique et technique, et ce dans le but de relever le d\u00e9fi de la concurrence et promouvoir le positionnement de la production cin\u00e9matographique marocaine.<\/span><\/p>\n<p class=\"p1\"><span class=\"s1\">Dans ce sens, il a appel\u00e9 \u00e0 <em>\u00abmettre \u00e0 la disposition du CCM des m\u00e9canismes cens\u00e9s offrir des opportunit\u00e9s d\u2019emploi, stimuler la cr\u00e9ativit\u00e9 et faire conna\u00eetre et enrichir l\u2019identit\u00e9 culturelle marocaine\u00bb.<\/em> Le ministre a, dans ce sens, fait savoir qu\u2019il sera proc\u00e9d\u00e9 au d\u00e9veloppement et au renforcement de l\u2019arsenal juridique r\u00e9gissant le secteur, pour mettre en place les bases d\u2019une industrie cin\u00e9matographique nationale capable de faire face aux d\u00e9fis internationaux et de promouvoir l\u2019identit\u00e9 culturelle du pays.<\/span><\/p>\n<p>Auteur: Siham Jadraoui<br \/>\n<a href=\"http:\/\/aujourdhui.ma\/culture\/cinema\/le-centre-cinematographique-marocain-approuve-son-plan-daction-2020-2022\">Cliquez ici pour lire l&rsquo;article depuis sa source.<\/a><\/p>\n","protected":false},"excerpt":{"rendered":"<p>R\u00e9organisation du CCM, examen du projet de loi relatif \u00e0 l\u2019industrie cin\u00e9matographique\u2026 Le conseil d\u2019administration du Centre cin\u00e9matographique marocain (CCM) a approuv\u00e9 son plan d\u2019action 2020-2022 et son programme d\u2019action pour l\u2019ann\u00e9e 2020. Lors de ce conseil, Sarim Fassi Fihri, directeur du CCM, a indiqu\u00e9 dans ce sens que \u00able plan d\u2019action du Centre se [&hellip;]<\/p>\n","protected":false},"author":1759,"featured_media":0,"comment_status":"closed","ping_status":"closed","sticky":false,"template":"","format":"standard","meta":{"fifu_image_url":"","fifu_image_alt":"","footnotes":""},"categories":[73,54],"tags":[],"class_list":["post-71645","post","type-post","status-publish","format-standard","hentry","category-actualite","category-maroc"],"_links":{"self":[{"href":"https:\/\/linitiative.ca\/International\/wp-json\/wp\/v2\/posts\/71645","targetHints":{"allow":["GET"]}}],"collection":[{"href":"https:\/\/linitiative.ca\/International\/wp-json\/wp\/v2\/posts"}],"about":[{"href":"https:\/\/linitiative.ca\/International\/wp-json\/wp\/v2\/types\/post"}],"author":[{"embeddable":true,"href":"https:\/\/linitiative.ca\/International\/wp-json\/wp\/v2\/users\/1759"}],"replies":[{"embeddable":true,"href":"https:\/\/linitiative.ca\/International\/wp-json\/wp\/v2\/comments?post=71645"}],"version-history":[{"count":0,"href":"https:\/\/linitiative.ca\/International\/wp-json\/wp\/v2\/posts\/71645\/revisions"}],"wp:attachment":[{"href":"https:\/\/linitiative.ca\/International\/wp-json\/wp\/v2\/media?parent=71645"}],"wp:term":[{"taxonomy":"category","embeddable":true,"href":"https:\/\/linitiative.ca\/International\/wp-json\/wp\/v2\/categories?post=71645"},{"taxonomy":"post_tag","embeddable":true,"href":"https:\/\/linitiative.ca\/International\/wp-json\/wp\/v2\/tags?post=71645"}],"curies":[{"name":"wp","href":"https:\/\/api.w.org\/{rel}","templated":true}]}}