{"id":71646,"date":"2019-12-30T07:59:48","date_gmt":"2019-12-30T12:59:48","guid":{"rendered":"https:\/\/linitiative.ca\/International\/immigration-illegale-et-traite-des-etres-humains-trois-arrestations-a-kenitra-pour-des-liens-presumes-avec-un-reseau-criminel\/"},"modified":"2019-12-30T07:59:48","modified_gmt":"2019-12-30T12:59:48","slug":"immigration-illegale-et-traite-des-etres-humains-trois-arrestations-a-kenitra-pour-des-liens-presumes-avec-un-reseau-criminel","status":"publish","type":"post","link":"https:\/\/linitiative.ca\/International\/immigration-illegale-et-traite-des-etres-humains-trois-arrestations-a-kenitra-pour-des-liens-presumes-avec-un-reseau-criminel\/","title":{"rendered":"Immigration ill\u00e9gale et traite des \u00eatres humains : Trois arrestations \u00e0 K\u00e9nitra pour des liens pr\u00e9sum\u00e9s avec un r\u00e9seau criminel"},"content":{"rendered":"<header readability=\"1.36866359447\">\n<\/header>\n<div class=\"entry-content clearfix\" readability=\"53\"><img decoding=\"async\" class=\"post_layout_5_img\" src=\"http:\/\/aujourdhui.ma\/wp-content\/uploads\/2019\/05\/arrestation-maroc-police.jpg?x29840\" alt=\"Immigration ill\u00e9gale et traite des \u00eatres humains : Trois arrestations \u00e0 K\u00e9nitra pour des liens pr\u00e9sum\u00e9s avec un r\u00e9seau criminel\"\/><\/p>\n<p class=\"p1\"><span class=\"c4\"><strong><span class=\"s1\">Une op\u00e9ration de s\u00e9curit\u00e9 men\u00e9e par la brigade de la police judiciaire du district de Mehdia \u00e0 K\u00e9nitra a permis, t\u00f4t vendredi, d\u2019arr\u00eater trois individus pour leurs liens pr\u00e9sum\u00e9s avec un r\u00e9seau criminel s\u2019activant dans l\u2019organisation de l\u2019immigration ill\u00e9gale et de la traite des \u00eatres humains.<\/span><\/strong><\/span><span id=\"more-328126\"\/><\/p>\n<p class=\"p1\"><span class=\"s1\">Les enqu\u00eates pr\u00e9liminaires ont permis d\u2019appr\u00e9hender les suspects dans une maison \u00e0 K\u00e9nitra, accompagn\u00e9s de six candidats \u00e0 l\u2019immigration clandestine \u00e2g\u00e9s entre 17 et 53 ans, indique un communiqu\u00e9 de la Direction g\u00e9n\u00e9rale de la s\u00fbret\u00e9 nationale (DGSN), ajoutant que les op\u00e9rations de fouille se sont sold\u00e9es par la saisie d\u2019une voiture de location et d\u2019une somme d\u2019argent estim\u00e9e \u00e0 48.700 dirhams.<\/span><\/p>\n<p class=\"p1\"><span class=\"s1\">Les op\u00e9rations de pointage des individus impliqu\u00e9s dans l\u2019organisation de l\u2019immigration clandestine r\u00e9v\u00e8lent que l\u2019un d\u2019eux fait l\u2019objet d\u2019un avis de recherche \u00e9mis par la police judiciaire de B\u00e9ni Mellal pour son implication pr\u00e9sum\u00e9e dans une affaire de faux et usage de faux. Les trois suspects ont \u00e9t\u00e9 plac\u00e9s en garde \u00e0 vue \u00e0 la disposition de l\u2019enqu\u00eate men\u00e9e sous la supervision du parquet comp\u00e9tent, tandis que les candidats \u00e0 l\u2019immigration clandestine ont \u00e9t\u00e9 entendus, et ce dans la perspective d\u2019\u00e9lucider les tenants et les aboutissants de cette affaire et d\u2019identifier tous les complices impliqu\u00e9s dans ce r\u00e9seau criminel, conclut le communiqu\u00e9.<\/span><\/p>\n<\/div>\n<p>Auteur: ALM<br \/>\n<a href=\"http:\/\/aujourdhui.ma\/faits-divers\/immigration-illegale-et-traite-des-etres-humains-trois-arrestations-a-kenitra-pour-des-liens-presumes-avec-un-reseau-criminel\">Cliquez ici pour lire l&rsquo;article depuis sa source.<\/a><\/p>\n","protected":false},"excerpt":{"rendered":"<p>Une op\u00e9ration de s\u00e9curit\u00e9 men\u00e9e par la brigade de la police judiciaire du district de Mehdia \u00e0 K\u00e9nitra a permis, t\u00f4t vendredi, d\u2019arr\u00eater trois individus pour leurs liens pr\u00e9sum\u00e9s avec un r\u00e9seau criminel s\u2019activant dans l\u2019organisation de l\u2019immigration ill\u00e9gale et de la traite des \u00eatres humains. Les enqu\u00eates pr\u00e9liminaires ont permis d\u2019appr\u00e9hender les suspects dans [&hellip;]<\/p>\n","protected":false},"author":1759,"featured_media":0,"comment_status":"closed","ping_status":"closed","sticky":false,"template":"","format":"standard","meta":{"fifu_image_url":"","fifu_image_alt":"","footnotes":""},"categories":[73,54],"tags":[],"class_list":["post-71646","post","type-post","status-publish","format-standard","hentry","category-actualite","category-maroc"],"_links":{"self":[{"href":"https:\/\/linitiative.ca\/International\/wp-json\/wp\/v2\/posts\/71646","targetHints":{"allow":["GET"]}}],"collection":[{"href":"https:\/\/linitiative.ca\/International\/wp-json\/wp\/v2\/posts"}],"about":[{"href":"https:\/\/linitiative.ca\/International\/wp-json\/wp\/v2\/types\/post"}],"author":[{"embeddable":true,"href":"https:\/\/linitiative.ca\/International\/wp-json\/wp\/v2\/users\/1759"}],"replies":[{"embeddable":true,"href":"https:\/\/linitiative.ca\/International\/wp-json\/wp\/v2\/comments?post=71646"}],"version-history":[{"count":0,"href":"https:\/\/linitiative.ca\/International\/wp-json\/wp\/v2\/posts\/71646\/revisions"}],"wp:attachment":[{"href":"https:\/\/linitiative.ca\/International\/wp-json\/wp\/v2\/media?parent=71646"}],"wp:term":[{"taxonomy":"category","embeddable":true,"href":"https:\/\/linitiative.ca\/International\/wp-json\/wp\/v2\/categories?post=71646"},{"taxonomy":"post_tag","embeddable":true,"href":"https:\/\/linitiative.ca\/International\/wp-json\/wp\/v2\/tags?post=71646"}],"curies":[{"name":"wp","href":"https:\/\/api.w.org\/{rel}","templated":true}]}}