{"id":71647,"date":"2019-12-30T08:00:57","date_gmt":"2019-12-30T13:00:57","guid":{"rendered":"https:\/\/linitiative.ca\/International\/concocte-par-le-crt-dagadir-souss-massa-un-menu-varie-pour-celebrer-le-nouvel-an-a-agadir\/"},"modified":"2019-12-30T08:00:57","modified_gmt":"2019-12-30T13:00:57","slug":"concocte-par-le-crt-dagadir-souss-massa-un-menu-varie-pour-celebrer-le-nouvel-an-a-agadir","status":"publish","type":"post","link":"https:\/\/linitiative.ca\/International\/concocte-par-le-crt-dagadir-souss-massa-un-menu-varie-pour-celebrer-le-nouvel-an-a-agadir\/","title":{"rendered":"Concoct\u00e9 par le CRT d\u2019Agadir Souss-Massa : Un menu vari\u00e9 pour c\u00e9l\u00e9brer le Nouvel  an \u00e0 Agadir"},"content":{"rendered":"<p><img decoding=\"async\" class=\"post_layout_5_img\" src=\"http:\/\/aujourdhui.ma\/wp-content\/uploads\/2018\/06\/Agadir.jpg?x29840\" alt=\"Concoct\u00e9 par le CRT d\u2019Agadir Souss-Massa : Un menu vari\u00e9 pour c\u00e9l\u00e9brer le Nouvel an \u00e0 Agadir\"\/><\/p>\n<p class=\"p1\"><span class=\"c4\"><strong><span class=\"s1\"><em>Les festivit\u00e9s seront cl\u00f4tur\u00e9es par le lancement des feux d\u2019artifice le mardi \u00e0 minuit sur le sable de la corniche d\u2019Agadir en face de la piscine municipale.<\/em><\/span><\/strong><\/span><span id=\"more-328092\"\/><\/p>\n<p class=\"p1\"><span class=\"s1\">Du 26 d\u00e9cembre au 1er janvier, le Conseil r\u00e9gional du tourisme (CRT) d\u2019Agadir Souss-Massa, en partenariat avec le conseil communal d\u2019Agadir sous l\u2019\u00e9gide de la wilaya de la r\u00e9gion, et des conseils provinciaux du tourisme (CPT), c\u00e9l\u00e8bre les f\u00eates de fin d\u2019ann\u00e9e avec une programmation vari\u00e9e et riche en couleur pour animer la ville d\u2019Agadir pendant le Nouvel an, \u00e0 travers des shows d\u00e9di\u00e9s gratuitement et sp\u00e9cialement aux touristes et au grand public.<\/span><\/p>\n<p class=\"p1\"><span class=\"s1\">Au menu, une s\u00e9rie de spectacles de fantasia avec la participation de 50 cavaliers traditionnels d\u2019Agadir en provenance des provinces de la r\u00e9gion Souss-Massa, et ce chaque jour \u00e0 la plage de la Marina d\u2019Agadir, ainsi que de l\u2019animation musicale en pr\u00e9sence de<span class=\"Apple-converted-space\">\u00a0<\/span> groupes folkloriques \u00e0 la Place Alwahda \u00e0 c\u00f4t\u00e9 de l\u2019h\u00f4tel Tafoukt sur la corniche (Ahwach, Rwayss, Gnaoua Issemgane, Houara et Tissent).<\/span><\/p>\n<p class=\"p1\"><span class=\"s1\">Le programme pr\u00e9voit une Foire des provinces sous tentes ca\u00efdales marocaines avec exposition du patrimoine de chaque province de la r\u00e9gion \u00e0 la Place Alwahda, et une exposition des habits traditionnels amazighs par l\u2019Association Brillant d\u2019Espoir en marge de l\u2019\u00e9v\u00e9nement organis\u00e9 de Miss amazigh.<\/span><\/p>\n<p class=\"p1\"><span class=\"s1\">Par ailleurs, un hommage particulier a \u00e9t\u00e9 rendu \u00e0 Lamine ou le ca\u00efd parrain des cavaliers traditionnels de tbourida\/fantasia de la r\u00e9gion Souss-Massa Ahmad Ben Mbark Bazine Lagssimi \u00e2g\u00e9 de 93 ans.<\/span><\/p>\n<p class=\"p1\"><span class=\"s1\">Les festivit\u00e9s seront cl\u00f4tur\u00e9es par le lancement des feux d\u2019artifice le mardi \u00e0 minuit sur le sable de la corniche d\u2019Agadir en face de la piscine municipale.<\/span><\/p>\n<p class=\"p1\"><span class=\"s1\">Pour rappel, le nombre de nuit\u00e9es touristiques enregistr\u00e9es durant les dix premiers mois de l\u2019ann\u00e9e 2019 au niveau des diff\u00e9rents h\u00f4tels, r\u00e9sidences et clubs touristiques class\u00e9s \u00e0 Agadir a atteint un total de 4.641.882 nuit\u00e9es, soit une progression de 2,14%. Les touristes nationaux en provenance des diff\u00e9rentes villes du Royaume sont arriv\u00e9s en t\u00eate de liste, avec un total de 1.090.205 nuit\u00e9es, soit une hausse de 14,36% comparativement \u00e0 la m\u00eame p\u00e9riode de l\u2019ann\u00e9e \u00e9coul\u00e9e o\u00f9 ce nombre a \u00e9t\u00e9 de l\u2019ordre de 953.271 nuit\u00e9es.<\/span><\/p>\n<p class=\"p1\"><span class=\"s1\">En seconde position, arrivent les touristes fran\u00e7ais avec 1.400.964 nuit\u00e9es \u00e0 fin octobre 2019, contre 910.249 durant la m\u00eame p\u00e9riode de l\u2019ann\u00e9e 2018, soit une augmentation de 10,41%.<\/span><\/p>\n<p class=\"p1\"><span class=\"s1\">Au troisi\u00e8me rang du classement figurent les touristes allemands avec un total de 755.238 nuit\u00e9es, contre 801.820 durant la m\u00eame p\u00e9riode en 2018, ce qui correspond \u00e0 une baisse de 5,81%. Quant aux nuit\u00e9es touristiques enregistr\u00e9es dans les \u00e9tablissements class\u00e9s d\u2019Agadir par les touristes britanniques, elles se sont chiffr\u00e9es \u00e0 647.101 nuit\u00e9es durant les 10 premiers mois de l\u2019ann\u00e9e 2019, contre 559.050 nuit\u00e9es touristiques \u00e0 fin octobre 2018.<\/span><\/p>\n<p class=\"p1\"><span class=\"s1\">Les h\u00f4tels class\u00e9s 4 \u00e9toiles ont r\u00e9alis\u00e9 le plus grand nombre de nuit\u00e9es \u00e0 Agadir \u00e0 fin octobre 2019, avec 1.393.135 nuit\u00e9es, suivis des clubs touristiques (1.357.251). Les h\u00f4tels de luxe 5 \u00e9toiles et les r\u00e9sidences touristiques sont class\u00e9s troisi\u00e8me et quatri\u00e8me respectivement.<\/span><\/p>\n<p>Auteur: Mohamed Laabid<br \/>\n<a href=\"http:\/\/aujourdhui.ma\/economie\/concocte-par-le-crt-dagadir-souss-massa-un-menu-varie-pour-celebrer-le-nouvel-an-a-agadir\">Cliquez ici pour lire l&rsquo;article depuis sa source.<\/a><\/p>\n","protected":false},"excerpt":{"rendered":"<p>Les festivit\u00e9s seront cl\u00f4tur\u00e9es par le lancement des feux d\u2019artifice le mardi \u00e0 minuit sur le sable de la corniche d\u2019Agadir en face de la piscine municipale. Du 26 d\u00e9cembre au 1er janvier, le Conseil r\u00e9gional du tourisme (CRT) d\u2019Agadir Souss-Massa, en partenariat avec le conseil communal d\u2019Agadir sous l\u2019\u00e9gide de la wilaya de la [&hellip;]<\/p>\n","protected":false},"author":1759,"featured_media":0,"comment_status":"closed","ping_status":"closed","sticky":false,"template":"","format":"standard","meta":{"fifu_image_url":"","fifu_image_alt":"","footnotes":""},"categories":[73,54],"tags":[],"class_list":["post-71647","post","type-post","status-publish","format-standard","hentry","category-actualite","category-maroc"],"_links":{"self":[{"href":"https:\/\/linitiative.ca\/International\/wp-json\/wp\/v2\/posts\/71647","targetHints":{"allow":["GET"]}}],"collection":[{"href":"https:\/\/linitiative.ca\/International\/wp-json\/wp\/v2\/posts"}],"about":[{"href":"https:\/\/linitiative.ca\/International\/wp-json\/wp\/v2\/types\/post"}],"author":[{"embeddable":true,"href":"https:\/\/linitiative.ca\/International\/wp-json\/wp\/v2\/users\/1759"}],"replies":[{"embeddable":true,"href":"https:\/\/linitiative.ca\/International\/wp-json\/wp\/v2\/comments?post=71647"}],"version-history":[{"count":0,"href":"https:\/\/linitiative.ca\/International\/wp-json\/wp\/v2\/posts\/71647\/revisions"}],"wp:attachment":[{"href":"https:\/\/linitiative.ca\/International\/wp-json\/wp\/v2\/media?parent=71647"}],"wp:term":[{"taxonomy":"category","embeddable":true,"href":"https:\/\/linitiative.ca\/International\/wp-json\/wp\/v2\/categories?post=71647"},{"taxonomy":"post_tag","embeddable":true,"href":"https:\/\/linitiative.ca\/International\/wp-json\/wp\/v2\/tags?post=71647"}],"curies":[{"name":"wp","href":"https:\/\/api.w.org\/{rel}","templated":true}]}}