{"id":71651,"date":"2019-12-30T04:42:23","date_gmt":"2019-12-30T09:42:23","guid":{"rendered":"https:\/\/linitiative.ca\/International\/festival-de-cinema-a-agadir-du-bluff\/"},"modified":"2019-12-30T04:42:23","modified_gmt":"2019-12-30T09:42:23","slug":"festival-de-cinema-a-agadir-du-bluff","status":"publish","type":"post","link":"https:\/\/linitiative.ca\/International\/festival-de-cinema-a-agadir-du-bluff\/","title":{"rendered":"Festival de cin\u00e9ma \u00e0 Agadir: du bluff!"},"content":{"rendered":"<p class=\"has-text-color has-vivid-cyan-blue-color\"><strong>Juste apr\u00e8s le fastueux festival Cin\u00e9ma et Migrations qui avait envo\u00fbt\u00e9, de bout en bout, les cin\u00e9philes du pays et ailleurs, on eut droit \u00e0 deux partitions simultan\u00e9es de cin\u00e9ma et d\u2019arts plastiques.<\/strong><\/p>\n<p>Comme on s\u2019y \u00e9tait attendu auparavant, on \u00e9tait descendu de la cime de l\u2019ing\u00e9niosit\u00e9 du festival migratoire \u00e0 l\u2019ab\u00eeme de la m\u00e9diocrit\u00e9 de son successeur. On savait d\u00e9j\u00e0 que le second allait d\u00e9cevoir aussi bien les r\u00e9sidents que les convives. On l\u2019avait pr\u00e9dit, il y a un peu plus d\u2019un mois, dans l\u2019un des \u00a0pr\u00e9c\u00e9dents \u00e9crits. Depuis, \u00a0on \u00e9tait soumis \u00e0 des propos injurieux voire des menaces de la part des initiateurs desdits\u00a0 festivals pour avoir mis en garde de ces fanfaronnades.<\/p>\n<p>Aujourd\u2019hui, quasiment rien ne fut fait dans cette \u00e9dition du \u00abfilm sur l\u2019art\u00bb et de la \u00abfoire d\u2019art\u00bb. Il n\u2019y a plus ni Yousra, ni Gad El Maleh, ni Majda Roumi, ni Touria Jabrane, ni Abdelouahab Doukkali tel qu\u2019il a \u00e9t\u00e9 cit\u00e9 dans le catalogue de sponsoring qui servait, sans doute, d\u2019\u00abapp\u00e2t\u00bb pour collecter le maximum de fonds des deniers publics. Apr\u00e8s une soir\u00e9e d\u2019ouverture fanfaronne o\u00f9 on s\u2019\u00e9tait donn\u00e9 libre court aux sons de la musique d\u00e9cha\u00een\u00e9e, on d\u00e9bitait en vrac, des courts m\u00e9trages, en une seule journ\u00e9e, le lendemain, dans une salle quasi-d\u00e9serte.<\/p>\n<p>A l\u2019exception de cette projection exp\u00e9ditive des films court m\u00e9trage devant un jury fort r\u00e9duit, on aura constat\u00e9 aussi l\u2019annulation des films long m\u00e9trage, du documentaire, des excursions, des ateliers, de la parade en ville, des conf\u00e9rences, du point de presse, initialement pr\u00e9vus. Rien de tout cela\u00a0!<\/p>\n<p>Bien \u00e9videment, on \u00e9tait persuad\u00e9 que tout ce menu luxuriant, r\u00e9parti en moins de deux jours, n\u2019\u00e9tait qu\u2019un bluff. D\u2019autant qu\u2019on adjoignait conjointement une autre activit\u00e9 consacr\u00e9e aux arts plastiques baptis\u00e9e Foire \u00a0internationale d\u2019art contemporain. L\u00e0 encore, c\u2019\u00e9tait une r\u00e9elle tartuferie\u00a0! On conviait des plasticiens dont certains du Golf et de France auraient vers\u00e9 mille euros pour exposer, ainsi que nombre de leurs homologues marocains, alors que la salle de la CCIS d\u2019Agadir \u00e9tait gracieusement mise \u00e0 la disposition de la pr\u00e9sum\u00e9e foire.<\/p>\n<p>En plus, ces artistes qui avaient joliment agr\u00e9ment\u00e9 ledit espace, furent compl\u00e8tement largu\u00e9s \u00e0 leur sort, dans l\u2019indiff\u00e9rence et l\u2019ignorance totales. Lors du vernissage, l\u2019organisatrice fit un tour \u00a0dans les lieux sous les lumi\u00e8res des cam\u00e9ras pour s\u2019\u00e9clipser par la suite, sans nul int\u00e9r\u00eat, pas m\u00eame le protocole officiel des vernissages qui se respectent. Aucun geste \u00e0 l\u2019\u00e9gard des plasticiens fort indign\u00e9s de ce comportement avilissant, sauf une attestation d\u00e9risoire, remise sans mentionner le nom des participants, \u00e0 l\u2019image de cette jordanienne en larmes.<\/p>\n<p>Voil\u00e0 donc un \u00e9v\u00e9nement qui passa \u00a0inaper\u00e7u, sans \u00e9clat ni signe de reconnaissance envers les artistes\u00a0! On avait donc bien raison d\u2019\u00e9mettre des soup\u00e7ons quant \u00e0 sa v\u00e9racit\u00e9, au d\u00e9part. On s\u2019interrogera sur la r\u00e9action du CCM qui avait \u00absoutenu\u00bb ce festival du film, selon un cahier de charges convenu, alors qu\u2019il se serait, dans doute, rendu compte de la duperie dont il fut l\u2019objet au niveau du contenu du dossier initial, copieusement chamboul\u00e9 \u00e0 l\u2019ex\u00e9cution.<\/p>\n<p>M\u00eame chose pour les autres partenaires qui se sont certainement aper\u00e7us de la carotte dont ils furent victimes. On ne peut donc se fier \u00e0 des conduites mensong\u00e8res qui se d\u00e9voilent au fil des ans. Se permettrait-on de les tol\u00e9rer prochainement, lors de la troisi\u00e8me manche\u00a0? On verra bien!<\/p>\n<p class=\"c2\"><strong>Saoudi El Amalki<\/strong><\/p>\n<p>Auteur: M&rsquo;hammed rahal<br \/>\n<a href=\"http:\/\/albayane.press.ma\/festival-de-cinema-a-agadir-du-bluff.html\">Cliquez ici pour lire l&rsquo;article depuis sa source.<\/a><\/p>\n","protected":false},"excerpt":{"rendered":"<p>Juste apr\u00e8s le fastueux festival Cin\u00e9ma et Migrations qui avait envo\u00fbt\u00e9, de bout en bout, les cin\u00e9philes du pays et ailleurs, on eut droit \u00e0 deux partitions simultan\u00e9es de cin\u00e9ma et d\u2019arts plastiques. Comme on s\u2019y \u00e9tait attendu auparavant, on \u00e9tait descendu de la cime de l\u2019ing\u00e9niosit\u00e9 du festival migratoire \u00e0 l\u2019ab\u00eeme de la m\u00e9diocrit\u00e9 [&hellip;]<\/p>\n","protected":false},"author":1760,"featured_media":0,"comment_status":"closed","ping_status":"closed","sticky":false,"template":"","format":"standard","meta":{"fifu_image_url":"","fifu_image_alt":"","footnotes":""},"categories":[73,54],"tags":[],"class_list":["post-71651","post","type-post","status-publish","format-standard","hentry","category-actualite","category-maroc"],"_links":{"self":[{"href":"https:\/\/linitiative.ca\/International\/wp-json\/wp\/v2\/posts\/71651","targetHints":{"allow":["GET"]}}],"collection":[{"href":"https:\/\/linitiative.ca\/International\/wp-json\/wp\/v2\/posts"}],"about":[{"href":"https:\/\/linitiative.ca\/International\/wp-json\/wp\/v2\/types\/post"}],"author":[{"embeddable":true,"href":"https:\/\/linitiative.ca\/International\/wp-json\/wp\/v2\/users\/1760"}],"replies":[{"embeddable":true,"href":"https:\/\/linitiative.ca\/International\/wp-json\/wp\/v2\/comments?post=71651"}],"version-history":[{"count":0,"href":"https:\/\/linitiative.ca\/International\/wp-json\/wp\/v2\/posts\/71651\/revisions"}],"wp:attachment":[{"href":"https:\/\/linitiative.ca\/International\/wp-json\/wp\/v2\/media?parent=71651"}],"wp:term":[{"taxonomy":"category","embeddable":true,"href":"https:\/\/linitiative.ca\/International\/wp-json\/wp\/v2\/categories?post=71651"},{"taxonomy":"post_tag","embeddable":true,"href":"https:\/\/linitiative.ca\/International\/wp-json\/wp\/v2\/tags?post=71651"}],"curies":[{"name":"wp","href":"https:\/\/api.w.org\/{rel}","templated":true}]}}