{"id":71653,"date":"2019-12-30T04:57:38","date_gmt":"2019-12-30T09:57:38","guid":{"rendered":"https:\/\/linitiative.ca\/International\/loncf-recoit-la-1ere-locomotive-electrique-nouvelle-generation\/"},"modified":"2019-12-30T04:57:38","modified_gmt":"2019-12-30T09:57:38","slug":"loncf-recoit-la-1ere-locomotive-electrique-nouvelle-generation","status":"publish","type":"post","link":"https:\/\/linitiative.ca\/International\/loncf-recoit-la-1ere-locomotive-electrique-nouvelle-generation\/","title":{"rendered":"L\u2019ONCF re\u00e7oit  la 1\u00e8re locomotive \u00e9lectrique \u00abnouvelle g\u00e9n\u00e9ration\u00bb"},"content":{"rendered":"<p class=\"has-text-color has-vivid-cyan-blue-color\"><strong>Dans le cadre de la poursuite de la mise en \u0153uvre de sa strat\u00e9gie de d\u00e9veloppement, l\u2019Office national des chemins de fer (ONCF) a r\u00e9ceptionn\u00e9, vendredi, la premi\u00e8re locomotive qui s\u2019inscrit dans le cadre de l\u2019acquisition de 30 locomotives \u00e9lectriques \u00abnouvelle g\u00e9n\u00e9ration\u00bb.<\/strong><\/p>\n<p>Ces nouvelles acquisitions, dont la livraison s\u2019effectuera \u00e0 raison de deux \u00e0 trois locomotives par mois, avaient fait l\u2019objet d\u2019un appel d\u2019offres international \u00e0 l\u2019issue duquel le contrat a \u00e9t\u00e9 attribu\u00e9 en 2018 \u00e0 la soci\u00e9t\u00e9 Alstom pour un montant global d\u2019environ 1,5 milliard de dirhams, indique un communiqu\u00e9 de l\u2019ONCF.<\/p>\n<p>Financ\u00e9 en totalit\u00e9 par un pr\u00eat accord\u00e9 par l\u2019Etat fran\u00e7ais, d\u2019une maturit\u00e9 de 40 ans, avec une p\u00e9riode de gr\u00e2ce de 10 ans et un taux d\u2019int\u00e9r\u00eat de 0,0016%, ce montant couvre le mat\u00e9riel, les pi\u00e8ces de rechange et les pi\u00e8ces parc, pr\u00e9cise la source. Conformes aux normes et standards de l\u2019Union internationale des chemins de fer (UIC), ces locomotives de derni\u00e8re g\u00e9n\u00e9ration, aptes \u00e0 une vitesse maximale de 160 km\/h, sont con\u00e7ues selon des caract\u00e9ristiques et sp\u00e9cificit\u00e9s ultramodernes: informatique embarqu\u00e9e, assistance \u00e0 la conduite, redondance du syst\u00e8me de contr\u00f4le et de s\u00e9curit\u00e9, syst\u00e8me d\u2019enregistrement vid\u00e9o, etc.<\/p>\n<p>Par cette acquisition, l\u2019ONCF entend accompagner une demande de mobilit\u00e9 par train sans cesse croissante, moderniser, rajeunir et renforcer le parc mat\u00e9riel roulant, augmenter la productivit\u00e9 et accro\u00eetre l\u2019offre de transport, aussi bien des voyageurs grandes lignes que des marchandises, lit-on dans le communiqu\u00e9.<\/p>\n<p>Ainsi, ces locomotives sont appel\u00e9es \u00e0 assurer la correspondance avec les trains \u00e0 grande vitesse \u00abAl Boraq\u00bb sur les axes tr\u00e8s sollicit\u00e9s \u00e0 savoir, Casablanca-F\u00e8s et Casablanca-Marrakech, renfor\u00e7ant davantage la nouvelle exp\u00e9rience de voyage par train.<\/p>\n<p>Pour l\u2019activit\u00e9 Fret et Logistique, poursuit la source, elles permettront de faire face au transport par rail des voitures fabriqu\u00e9es au niveau de l\u2019usine PSA \u00e0 K\u00e9nitra vers le port de Tanger Med et d\u2019acheminer les conteneurs dudit port vers Casablanca.<\/p>\n<p>Par ailleurs, il est \u00e0 rappeler que cette op\u00e9ration est la 1\u00e8re d\u2019une s\u00e9rie d\u2019acquisitions progressives programm\u00e9es du mat\u00e9riel roulant, comportant notamment des trains automoteurs pour le transport des voyageurs et des wagons pour l\u2019acheminement de marchandises. Elle constitue une suite logique des grands projets d\u2019infrastructure r\u00e9alis\u00e9s et inaugur\u00e9s en novembre 2018 par Sa Majest\u00e9 Le Roi Mohammed VI Que Dieu L\u2019assiste, ayant permis \u00e0 l\u2019Office de renforcer une mobilit\u00e9 sobre et durable au service des citoyens et des op\u00e9rateurs \u00e9conomiques, tout en rehaussant la qualit\u00e9 de ses prestations et le niveau de ses performances, conclut le communiqu\u00e9.<\/p>\n<p>Auteur: M&rsquo;hammed rahal<br \/>\n<a href=\"http:\/\/albayane.press.ma\/loncf-recoit-la-1ere-locomotive-electrique-nouvelle-generation.html\">Cliquez ici pour lire l&rsquo;article depuis sa source.<\/a><\/p>\n","protected":false},"excerpt":{"rendered":"<p>Dans le cadre de la poursuite de la mise en \u0153uvre de sa strat\u00e9gie de d\u00e9veloppement, l\u2019Office national des chemins de fer (ONCF) a r\u00e9ceptionn\u00e9, vendredi, la premi\u00e8re locomotive qui s\u2019inscrit dans le cadre de l\u2019acquisition de 30 locomotives \u00e9lectriques \u00abnouvelle g\u00e9n\u00e9ration\u00bb. Ces nouvelles acquisitions, dont la livraison s\u2019effectuera \u00e0 raison de deux \u00e0 trois [&hellip;]<\/p>\n","protected":false},"author":1760,"featured_media":0,"comment_status":"closed","ping_status":"closed","sticky":false,"template":"","format":"standard","meta":{"fifu_image_url":"","fifu_image_alt":"","footnotes":""},"categories":[73,54],"tags":[],"class_list":["post-71653","post","type-post","status-publish","format-standard","hentry","category-actualite","category-maroc"],"_links":{"self":[{"href":"https:\/\/linitiative.ca\/International\/wp-json\/wp\/v2\/posts\/71653","targetHints":{"allow":["GET"]}}],"collection":[{"href":"https:\/\/linitiative.ca\/International\/wp-json\/wp\/v2\/posts"}],"about":[{"href":"https:\/\/linitiative.ca\/International\/wp-json\/wp\/v2\/types\/post"}],"author":[{"embeddable":true,"href":"https:\/\/linitiative.ca\/International\/wp-json\/wp\/v2\/users\/1760"}],"replies":[{"embeddable":true,"href":"https:\/\/linitiative.ca\/International\/wp-json\/wp\/v2\/comments?post=71653"}],"version-history":[{"count":0,"href":"https:\/\/linitiative.ca\/International\/wp-json\/wp\/v2\/posts\/71653\/revisions"}],"wp:attachment":[{"href":"https:\/\/linitiative.ca\/International\/wp-json\/wp\/v2\/media?parent=71653"}],"wp:term":[{"taxonomy":"category","embeddable":true,"href":"https:\/\/linitiative.ca\/International\/wp-json\/wp\/v2\/categories?post=71653"},{"taxonomy":"post_tag","embeddable":true,"href":"https:\/\/linitiative.ca\/International\/wp-json\/wp\/v2\/tags?post=71653"}],"curies":[{"name":"wp","href":"https:\/\/api.w.org\/{rel}","templated":true}]}}