{"id":71659,"date":"2019-12-30T08:07:54","date_gmt":"2019-12-30T13:07:54","guid":{"rendered":"https:\/\/linitiative.ca\/International\/meteo-persistance-du-temps-froid-sur-la-plupart-des-regions\/"},"modified":"2019-12-30T08:07:54","modified_gmt":"2019-12-30T13:07:54","slug":"meteo-persistance-du-temps-froid-sur-la-plupart-des-regions","status":"publish","type":"post","link":"https:\/\/linitiative.ca\/International\/meteo-persistance-du-temps-froid-sur-la-plupart-des-regions\/","title":{"rendered":"M\u00e9t\u00e9o : Persistance du temps froid sur la plupart des r\u00e9gions"},"content":{"rendered":"<p>Une baisse des temp\u00e9ratures est pr\u00e9vue sur la plupart des r\u00e9gions durant cette journ\u00e9e du lundi 30 D\u00e9cembre 2019, alerte l\u2019Institut National de M\u00e9t\u00e9orologie. Les temp\u00e9ratures maximales \u00e9volueront g\u00e9n\u00e9ralement entre 10 et 15\u00b0C et ne d\u00e9passant pas 7\u00b0C sur les hauteurs et les minimales varieront entre 00 et 4\u00b0C dans les r\u00e9gions ouest et entre 4 et 8\u00b0C dans le reste du pays.<\/p>\n<p class=\"dpsp-share-text\">Partager c&rsquo;est aimer!<\/p>\n<div class=\"wp-post-author-wrap wp-post-author-shortcode left\">\n<h3 class=\"awpa-title\"\/>\n<div class=\"wp-post-author\">\n<div class=\"awpa-img awpa-author-block square\"><a href=\"http:\/\/lexpertjournal.net\/fr\/author\/expert\/\"><img loading=\"lazy\" decoding=\"async\" alt=\"\" src=\"http:\/\/0.gravatar.com\/avatar\/c828f0b17d24309f0d01a4eac3747085?s=150&#038;d=mm&#038;r=g\" srcset=\"http:\/\/0.gravatar.com\/avatar\/c828f0b17d24309f0d01a4eac3747085?s=300&#038;d=mm&#038;r=g 2x\" class=\"avatar avatar-150 photo\" height=\"150\" width=\"150\"\/><\/a><\/div>\n<\/div>\n<\/div>\n<p>Auteur: L&rsquo;expert<br \/>\n<a href=\"http:\/\/lexpertjournal.net\/fr\/2019\/12\/30\/meteo-persistance-du-temps-froid-sur-la-plupart-des-regions\/\">Cliquez ici pour lire l&rsquo;article depuis sa source.<\/a><\/p>\n","protected":false},"excerpt":{"rendered":"<p>Une baisse des temp\u00e9ratures est pr\u00e9vue sur la plupart des r\u00e9gions durant cette journ\u00e9e du lundi 30 D\u00e9cembre 2019, alerte l\u2019Institut National de M\u00e9t\u00e9orologie. Les temp\u00e9ratures maximales \u00e9volueront g\u00e9n\u00e9ralement entre 10 et 15\u00b0C et ne d\u00e9passant pas 7\u00b0C sur les hauteurs et les minimales varieront entre 00 et 4\u00b0C dans les r\u00e9gions ouest et entre [&hellip;]<\/p>\n","protected":false},"author":1775,"featured_media":0,"comment_status":"closed","ping_status":"closed","sticky":false,"template":"","format":"standard","meta":{"fifu_image_url":"","fifu_image_alt":"","footnotes":""},"categories":[78,55],"tags":[],"class_list":["post-71659","post","type-post","status-publish","format-standard","hentry","category-economie","category-tunisie"],"_links":{"self":[{"href":"https:\/\/linitiative.ca\/International\/wp-json\/wp\/v2\/posts\/71659","targetHints":{"allow":["GET"]}}],"collection":[{"href":"https:\/\/linitiative.ca\/International\/wp-json\/wp\/v2\/posts"}],"about":[{"href":"https:\/\/linitiative.ca\/International\/wp-json\/wp\/v2\/types\/post"}],"author":[{"embeddable":true,"href":"https:\/\/linitiative.ca\/International\/wp-json\/wp\/v2\/users\/1775"}],"replies":[{"embeddable":true,"href":"https:\/\/linitiative.ca\/International\/wp-json\/wp\/v2\/comments?post=71659"}],"version-history":[{"count":0,"href":"https:\/\/linitiative.ca\/International\/wp-json\/wp\/v2\/posts\/71659\/revisions"}],"wp:attachment":[{"href":"https:\/\/linitiative.ca\/International\/wp-json\/wp\/v2\/media?parent=71659"}],"wp:term":[{"taxonomy":"category","embeddable":true,"href":"https:\/\/linitiative.ca\/International\/wp-json\/wp\/v2\/categories?post=71659"},{"taxonomy":"post_tag","embeddable":true,"href":"https:\/\/linitiative.ca\/International\/wp-json\/wp\/v2\/tags?post=71659"}],"curies":[{"name":"wp","href":"https:\/\/api.w.org\/{rel}","templated":true}]}}