{"id":71661,"date":"2019-12-30T13:04:37","date_gmt":"2019-12-30T18:04:37","guid":{"rendered":"https:\/\/linitiative.ca\/International\/patrimoine-culturel-plus-de-12-000-biens-culturels-recuperes-entre-2012-et-2017\/"},"modified":"2019-12-30T13:04:37","modified_gmt":"2019-12-30T18:04:37","slug":"patrimoine-culturel-plus-de-12-000-biens-culturels-recuperes-entre-2012-et-2017","status":"publish","type":"post","link":"https:\/\/linitiative.ca\/International\/patrimoine-culturel-plus-de-12-000-biens-culturels-recuperes-entre-2012-et-2017\/","title":{"rendered":"Patrimoine culturel: plus de 12 000 biens culturels r\u00e9cup\u00e9r\u00e9s entre 2012 et 2017"},"content":{"rendered":"<div readability=\"38\">\n<p><strong>AIN DEFLA &#8211; Au total, 12 169 biens culturels nationaux ont \u00e9t\u00e9 r\u00e9cup\u00e9r\u00e9s de 2012 \u00e0 2017 \u00e0 l\u2019\u00e9chelle nationale, a indiqu\u00e9 dimanche \u00e0 A\u00efn Defla un responsable du minist\u00e8re de la Culture, signalant que cette action s\u2019inscrit dans le cadre de la pr\u00e9servation du patrimoine culturel national et sa valorisation.<\/strong><\/p>\n<\/div>\n<div readability=\"78.5815842925\">\n<p>Outre les biens culturels ayant fait l\u2019objet de vol ou de commerce illicite, la r\u00e9cup\u00e9ration en question concerne, notamment, les objets d\u00e9terr\u00e9s suite \u00e0 des fouilles entam\u00e9es sans autorisation pr\u00e9alable de la tutelle, a pr\u00e9cis\u00e9 la commissaire du patrimoine culturel au minist\u00e8re de la Culture, Midjad Balamis \u00e0 l\u2019ouverture de la seconde \u00e9dition de la rencontre nationale des mus\u00e9es ouverte en fin d\u2019apr\u00e8s-midi au mus\u00e9e municipal d&rsquo;A\u00efn Defla.<\/p>\n<p>Tout en faisant \u00e9tat de l\u2019existence au sein du minist\u00e8re de la culture d\u2019une direction vers\u00e9e dans la protection l\u00e9gale des biens culturels et la valorisation du patrimoine culturel, elle a mis l\u2019accent sur le fait que les fouilles doivent ob\u00e9ir \u00e0 un certain nombre de conditions et de crit\u00e8res \u00ab\u00a0rigoureux \u00bb.<\/p>\n<blockquote readability=\"10\">\n<p><strong>\u00ab\u00a0Notre d\u00e9marche s\u2019inscrit dans le cadre des efforts visant la pr\u00e9servation du patrimoine national et, par ricochet, sa valorisation et son enrichissement afin d\u2019en montrer la diversit\u00e9 \u00bb, a-t-elle soutenu .<\/strong><\/p>\n<\/blockquote>\n<hr\/>\n<h3>lire aussi : <a href=\"http:\/\/www.aps.dz\/culture\/99327-mila-recuperation-de-plus-de-780-biens-culturels-depuis-debut-2019\" target=\"_blank\" rel=\"noopener noreferrer\">Mila: r\u00e9cup\u00e9ration de plus de 780 biens culturels depuis d\u00e9but 2019<\/a><\/h3>\n<hr\/>\n<p>51 autorisation de recherche arch\u00e9ologique ont \u00e9t\u00e9 d\u00e9livr\u00e9es durant l\u2019ann\u00e9e 2019 dont certains au profit du Centre National de Recherche en Arch\u00e9ologie, du Centre National de Recherche en Pr\u00e9histoire ainsi qu\u2019\u00e0 la facult\u00e9 d\u2019arch\u00e9ologie de l\u2019universit\u00e9 d\u2019Alger, a par ailleurs fait savoir Mme Balamis.<\/p>\n<blockquote readability=\"10\">\n<p><strong>S\u2019attardant sur les mus\u00e9es, elle a mis en avant leur r\u00f4le inh\u00e9rent aux aspects culturel, social et \u00e9conomique, signalant que l\u2019objectif de la rencontre nationale des mus\u00e9es consiste \u00e0 \u00ab\u00a0f\u00e9d\u00e9rer les efforts visant la protection du patrimoine culturel national \u00bb.<\/strong><\/p>\n<\/blockquote>\n<p>\u00ab\u00a0Il est clair que chaque mus\u00e9e se distingue des autres structures du m\u00eame genre en fonction des sp\u00e9cificit\u00e9s de la r\u00e9gion o\u00f9 il est implant\u00e9, l\u2019essentiel est le r\u00f4le jou\u00e9 en mati\u00e8re de contribution \u00e0 la sauvegarde du patrimoine national \u00ab\u00a0, a-t-elle observ\u00e9.<\/p>\n<hr\/>\n<h3>Lire aussi:\u00a0<a href=\"http:\/\/www.aps.dz\/culture\/99052-la-revision-de-la-legislation-relative-a-la-protection-des-biens-culturels-immobiliers-preconisee\" target=\"_blank\" rel=\"noopener noreferrer\">La r\u00e9vision de la l\u00e9gislation relative \u00e0 la protection des biens culturels immobiliers pr\u00e9conis\u00e9e\u00a0<\/a><\/h3>\n<hr\/>\n<blockquote readability=\"10\">\n<p><em><strong>\u00ab\u00a0Le patrimoine fait appel \u00e0 l&rsquo;id\u00e9e d&rsquo;un h\u00e9ritage l\u00e9gu\u00e9 par les g\u00e9n\u00e9rations qui nous ont pr\u00e9c\u00e9d\u00e9s, et que nous devons transmettre intact ou augment\u00e9 aux g\u00e9n\u00e9rations futures \u00ab\u00a0, a-t-elle ajout\u00e9, observant que la protection du patrimoine est un enjeu de civilisation.<\/strong><\/em><\/p>\n<\/blockquote>\n<p>Le directeur de la Culture d&rsquo;A\u00efn Defla, Hasnaoui Mahmoud a, de son c\u00f4t\u00e9, not\u00e9 que cette rencontre constitue une opportunit\u00e9 pour l\u2019\u00e9change des exp\u00e9riences et des connaissances entre les diff\u00e9rents mus\u00e9es nationaux, \u00e9mettant le souhait de voir la population locale d\u00e9couvrir des facettes du patrimoine culturel national.<\/p>\n<p>Des expositions, des communications et des ateliers p\u00e9dagogiques figurent au programme de cette rencontre de trois jours \u00e0 laquelle prennent part huit mus\u00e9es nationaux ainsi que l\u2019Office National de Gestion et d\u2019Exploitation des Biens Culturels Prot\u00e9g\u00e9s.<\/p>\n<\/div>\n<p>Auteur:<br \/>\n<a href=\"http:\/\/www.aps.dz\/culture\/99545-preservation-du-patrimoine-culturel-plus-de-12-000-biens-culturels-nationaux-recuperes-entre-2012-et-2017\">Cliquez ici pour lire l&rsquo;article depuis sa source.<\/a><\/p>\n","protected":false},"excerpt":{"rendered":"<p>AIN DEFLA &#8211; Au total, 12 169 biens culturels nationaux ont \u00e9t\u00e9 r\u00e9cup\u00e9r\u00e9s de 2012 \u00e0 2017 \u00e0 l\u2019\u00e9chelle nationale, a indiqu\u00e9 dimanche \u00e0 A\u00efn Defla un responsable du minist\u00e8re de la Culture, signalant que cette action s\u2019inscrit dans le cadre de la pr\u00e9servation du patrimoine culturel national et sa valorisation. Outre les biens culturels [&hellip;]<\/p>\n","protected":false},"author":1790,"featured_media":0,"comment_status":"closed","ping_status":"closed","sticky":false,"template":"","format":"standard","meta":{"fifu_image_url":"","fifu_image_alt":"","footnotes":""},"categories":[53,79],"tags":[],"class_list":["post-71661","post","type-post","status-publish","format-standard","hentry","category-algerie","category-culture"],"_links":{"self":[{"href":"https:\/\/linitiative.ca\/International\/wp-json\/wp\/v2\/posts\/71661","targetHints":{"allow":["GET"]}}],"collection":[{"href":"https:\/\/linitiative.ca\/International\/wp-json\/wp\/v2\/posts"}],"about":[{"href":"https:\/\/linitiative.ca\/International\/wp-json\/wp\/v2\/types\/post"}],"author":[{"embeddable":true,"href":"https:\/\/linitiative.ca\/International\/wp-json\/wp\/v2\/users\/1790"}],"replies":[{"embeddable":true,"href":"https:\/\/linitiative.ca\/International\/wp-json\/wp\/v2\/comments?post=71661"}],"version-history":[{"count":0,"href":"https:\/\/linitiative.ca\/International\/wp-json\/wp\/v2\/posts\/71661\/revisions"}],"wp:attachment":[{"href":"https:\/\/linitiative.ca\/International\/wp-json\/wp\/v2\/media?parent=71661"}],"wp:term":[{"taxonomy":"category","embeddable":true,"href":"https:\/\/linitiative.ca\/International\/wp-json\/wp\/v2\/categories?post=71661"},{"taxonomy":"post_tag","embeddable":true,"href":"https:\/\/linitiative.ca\/International\/wp-json\/wp\/v2\/tags?post=71661"}],"curies":[{"name":"wp","href":"https:\/\/api.w.org\/{rel}","templated":true}]}}