{"id":71668,"date":"2019-12-30T03:51:10","date_gmt":"2019-12-30T08:51:10","guid":{"rendered":"https:\/\/linitiative.ca\/International\/cloture-du-5e-festival-jazz-sous-larganier\/"},"modified":"2019-12-30T03:51:10","modified_gmt":"2019-12-30T08:51:10","slug":"cloture-du-5e-festival-jazz-sous-larganier","status":"publish","type":"post","link":"https:\/\/linitiative.ca\/International\/cloture-du-5e-festival-jazz-sous-larganier\/","title":{"rendered":"Cl\u00f4ture du 5\u00e8 Festival \u00ab\u00a0Jazz sous l\u2019Arganier\u00a0\u00bb"},"content":{"rendered":"<div readability=\"38\">\n<p>Essaouira \u2013 Le rideau est tomb\u00e9 dimanche soir \u00e0 Essaouira sur la 5\u00e8 \u00e9dition du Festival \u00ab\u00a0Jazz sous l\u2019Arganier\u00a0\u00bb, avec une programmation riche et vari\u00e9e mettant en avant les rythmes Amazigh et sonorit\u00e9s du Jazz, suivis d\u2019un show in\u00e9dit sign\u00e9, majestueusement, Nabila Maan.<\/p>\n<\/div>\n<div readability=\"127\">\n<p>Une programmation soigneusement concoct\u00e9e le temps de convier les festivaliers \u00e0 un hommage au Jazz \u00ab\u00a0marocain\u00a0\u00bb conjugu\u00e9 au f\u00e9minin, avec Meriem Aassid et l\u2019ensemble \u00ab\u00a0Jazz Amazigh\u00a0\u00bb cr\u00e9\u00e9 en 2018 par Meryem Aassid et Oussama Chtouki o\u00f9 sonorit\u00e9s amazighes et musique internationale et plus particuli\u00e8rement le Jazz, se rencontrent pour offrir un r\u00e9pertoire totalement in\u00e9dit.<\/p>\n<p>C\u2019est ainsi que Meryem Aassid (voix), Oussama Chtouki (Basse\/Contrebasse), Noureddine Bahha au Piano, Mohamed Boufassi \u00e0 la Batterie, Jawad Jadil \u00e0 la Percussion et Diego Higueras \u00e0 la Guitare, ont enchant\u00e9 le public pr\u00e9sent d\u2019un floril\u00e8ge de chansons, fruits d\u2019une d\u00e9marche artistique in\u00e9dite qui explore la musique amazighe, en la m\u00ealant en toute finesse \u00e0 la musique internationale, sp\u00e9cialement le Jazz.<\/p>\n<p>Des titres en amazigh et en anglais, tir\u00e9s d\u2019un premier album enregistre\u0301 et intitule\u0301 \u00ab Seyh A Tawenza \u2013 Empower yourself, you women !\u00bb, ont \u00e9t\u00e9 hautement appr\u00e9ci\u00e9s par les aficionados de la bonne musique.<\/p>\n<p>Et ce n\u2019\u00e9tait pas tout, puisque l\u2019ensemble de Nabila Maan a investi par la suite la sc\u00e8ne de l\u2019espace embl\u00e9matique de \u00ab\u00a0Dar Souiri\u00a0\u00bb, le temps de faire d\u00e9couvrir au public pr\u00e9sent, les m\u00e9lodies envo\u00fbtantes du jazz oriental. Nabila Maan a consacr\u00e9 sa carri\u00e8re \u00e0 faire pr\u00e9valoir les musiques ancestrales andalouses et le Melhoune en les m\u00ealant au jazz et aux musiques du monde.<\/p>\n<p>Accompagn\u00e9e de 4 musiciens \u00e0 savoir : Oussama Chtouki (Basse), Noureddine Bahha au Piano, Oussama Mougar \u00e0 la Batterie et Tarik Hilal \u00e0 la Guitare, Nabila Maan, \u00e0 la mani\u00e8re des grandes ic\u00f4nes, a su emporter les f\u00e9rus des sonorit\u00e9s authentiques dans un long et mythique p\u00e9riple en interpr\u00e9tant un spicil\u00e8ge de chansons tir\u00e9es de son cinqui\u00e8me album intitul\u00e9 : \u00ab\u00a0Dalal\u00fb Al Andal\u00fbs\u00a0\u00bb. un opus qui a connu un franc succ\u00e8s et a amen\u00e9 l\u2019artiste \u00e0 performer aux quatre coins du monde.<\/p>\n<p>Nabila Maan ne cesse de surprendre par sa mani\u00e8re de m\u00e9tisser les sonorit\u00e9s venues du Maroc et d\u2019ailleurs, cr\u00e9ant ainsi une musique intemporelle et universelle.<\/p>\n<p>Une cinqui\u00e8me \u00e9dition du festival de jazz aux couleurs des rythmes de l\u2019Afrique qui a accueilli comme il se doit, des prodiges de la musique marocains, ivoirien, malien\u2026 ou bien encore europ\u00e9ens, d\u00e9j\u00e0 reconnus ou en devenir, qui illustrent la diversit\u00e9 et la richesse de ce courant musical aux multiples facettes et ce, pour le bonheur et le plaisir d\u2019un public souiri mais aussi d\u2019ailleurs qui a choisi de c\u00e9l\u00e9brer les f\u00eates de fin d\u2019ann\u00e9e dans cette cit\u00e9 paisible.<\/p>\n<p>Approch\u00e9 par la MAP, le directeur artistique, Majid Bekass s\u2019est f\u00e9licit\u00e9 du franc succ\u00e8s qu\u2019a connu cette 5\u00e8 \u00e9dition, laquelle a eu cette particularit\u00e9 de co\u00efncider avec la c\u00e9l\u00e9bration par le Maroc de l\u2019inscription de l\u2019Art Gnaoua comme patrimoine immat\u00e9riel par l\u2019UNESCO, comme en t\u00e9moigne la programmation d\u2019une soir\u00e9e d\u2019ouverture 100% Gnaoua d\u2019Essaouira.<\/p>\n<p>Et de poursuivre que l\u2019une des particularit\u00e9s majeures de cette nouvelle \u00e9dition a \u00e9t\u00e9 l\u2019int\u00e9r\u00eat accord\u00e9 \u00e0 la pr\u00e9sence de voix f\u00e9minines dans trois concerts programm\u00e9s sur un total de 6, mettant en avant l\u2019existence remarquable de la femme dans la musique marocaine que ce soit celle traditionnelle ou moderne.<\/p>\n<p>\u00ab\u00a0Comme le Maroc est Pluriel, nous avons oeuvr\u00e9 aussi en faveur de la pr\u00e9sence d\u2019une influence orientale du Royaume, aux c\u00f4t\u00e9s des influences amazighes et des influences internationales Jazz. A travers cette \u00e9dition, nous avons voulu f\u00eat\u00e9 cet esprit d\u2019ouverture qui caract\u00e9rise notre pays\u00a0\u00bb, a dit M. Bekass.<\/p>\n<p>Au sujet de la prochaine \u00e9dition, il a r\u00e9it\u00e9r\u00e9 l\u2019engagement des organisateurs \u00e0 passer \u00e0 une vitesse sup\u00e9rieure pour faire connaitre davantage ce festival, notant que l\u2019effort sera orient\u00e9 vers le choix d\u2019un th\u00e8me bien pr\u00e9cis : Jazz europ\u00e9en, am\u00e9ricain ou africain. L\u2019objectif \u00e9tant de faire d\u00e9couvrir au public les multiples facettes du Jazz.<\/p>\n<p>Et de conclure qu\u2019Essaouira, ville de toutes les musiques, demeure une destination d\u2019inspiration et de ressourcement par excellence pour les grands musiciens et Jazzmen du monde.<\/p>\n<\/div>\n<p>Auteur: Meriem IGASS<br \/>\n<a href=\"http:\/\/www.mapmarrakech.ma\/fr\/jazz-2\/\">Cliquez ici pour lire l&rsquo;article depuis sa source.<\/a><\/p>\n","protected":false},"excerpt":{"rendered":"<p>Essaouira \u2013 Le rideau est tomb\u00e9 dimanche soir \u00e0 Essaouira sur la 5\u00e8 \u00e9dition du Festival \u00ab\u00a0Jazz sous l\u2019Arganier\u00a0\u00bb, avec une programmation riche et vari\u00e9e mettant en avant les rythmes Amazigh et sonorit\u00e9s du Jazz, suivis d\u2019un show in\u00e9dit sign\u00e9, majestueusement, Nabila Maan. Une programmation soigneusement concoct\u00e9e le temps de convier les festivaliers \u00e0 un [&hellip;]<\/p>\n","protected":false},"author":1788,"featured_media":0,"comment_status":"closed","ping_status":"closed","sticky":false,"template":"","format":"standard","meta":{"fifu_image_url":"","fifu_image_alt":"","footnotes":""},"categories":[54,76],"tags":[],"class_list":["post-71668","post","type-post","status-publish","format-standard","hentry","category-maroc","category-regions"],"_links":{"self":[{"href":"https:\/\/linitiative.ca\/International\/wp-json\/wp\/v2\/posts\/71668","targetHints":{"allow":["GET"]}}],"collection":[{"href":"https:\/\/linitiative.ca\/International\/wp-json\/wp\/v2\/posts"}],"about":[{"href":"https:\/\/linitiative.ca\/International\/wp-json\/wp\/v2\/types\/post"}],"author":[{"embeddable":true,"href":"https:\/\/linitiative.ca\/International\/wp-json\/wp\/v2\/users\/1788"}],"replies":[{"embeddable":true,"href":"https:\/\/linitiative.ca\/International\/wp-json\/wp\/v2\/comments?post=71668"}],"version-history":[{"count":0,"href":"https:\/\/linitiative.ca\/International\/wp-json\/wp\/v2\/posts\/71668\/revisions"}],"wp:attachment":[{"href":"https:\/\/linitiative.ca\/International\/wp-json\/wp\/v2\/media?parent=71668"}],"wp:term":[{"taxonomy":"category","embeddable":true,"href":"https:\/\/linitiative.ca\/International\/wp-json\/wp\/v2\/categories?post=71668"},{"taxonomy":"post_tag","embeddable":true,"href":"https:\/\/linitiative.ca\/International\/wp-json\/wp\/v2\/tags?post=71668"}],"curies":[{"name":"wp","href":"https:\/\/api.w.org\/{rel}","templated":true}]}}