{"id":71669,"date":"2019-12-30T03:58:44","date_gmt":"2019-12-30T08:58:44","guid":{"rendered":"https:\/\/linitiative.ca\/International\/celebration-a-essaouira-de-la-fete-juive-de-hanouccah\/"},"modified":"2019-12-30T03:58:44","modified_gmt":"2019-12-30T08:58:44","slug":"celebration-a-essaouira-de-la-fete-juive-de-hanouccah","status":"publish","type":"post","link":"https:\/\/linitiative.ca\/International\/celebration-a-essaouira-de-la-fete-juive-de-hanouccah\/","title":{"rendered":"C\u00e9l\u00e9bration \u00e0 Essaouira de la f\u00eate juive de Hanouccah"},"content":{"rendered":"<div readability=\"35\">\n<p>Essaouira \u2013 Plusieurs membres de la communaut\u00e9 juive d\u2019Essaouira et d\u2019ailleurs ont c\u00e9l\u00e9br\u00e9 dimanche \u00e0 la Synagogue de Slat Attia dans la cit\u00e9 des Aliz\u00e9s, la f\u00eate hivernale de Hanouccah (f\u00eate des lumi\u00e8res).<\/p>\n<\/div>\n<div readability=\"130\">\n<p>Dans une ambiance empreinte de spiritualit\u00e9 et de communion, des Marocains de confession juive originaires en grande majorit\u00e9 d\u2019Essaouira ont ainsi proc\u00e9d\u00e9 \u00e0 l\u2019accomplissement de pri\u00e8res et \u00e0 l\u2019allumage de la 8\u00e8 Menorah (bougie), c\u00e9l\u00e9brant ainsi la fin de cette f\u00eate qui dure 8 jours.<\/p>\n<p>Cette f\u00eate s\u2019est tenue en pr\u00e9sence notamment, du Conseiller de Sa Majest\u00e9 le Roi et pr\u00e9sident-fondateur de l\u2019Association Essaouira-Mogador, M. Andr\u00e9 Azoulay, d\u2019Ahmed Ghayet, pr\u00e9sident de l\u2019Association Marocains Pluriels, ainsi que d\u2019autres personnalit\u00e9s de confessions musulmane et chr\u00e9tienne, dont des acteurs associatifs, des r\u00e9sidants \u00e9trangers et des h\u00f4tes de la cit\u00e9 des Aliz\u00e9s.<\/p>\n<p>Dans une allocution de circonstance, M. Azoulay s\u2019est f\u00e9licit\u00e9 de ce moment tr\u00e8s fort et plein d\u2019\u00e9motions que des Souiris et amis d\u2019Essaouira ont eu \u00e0 c\u00e9l\u00e9brer ensemble.<\/p>\n<p>\u00ab\u00a0Nous c\u00e9l\u00e9brons aujourd\u2019hui, le dernier soir de la f\u00eate des lumi\u00e8res \u00ab\u00a0Hanouccha\u00a0\u00bb, la derni\u00e8re bougie qu\u2019on allume. Cette f\u00eate au-del\u00e0 des juifs, est celle de Tous. C\u2019est la f\u00eate de toutes les modernit\u00e9s, des espoirs, de la lumi\u00e8re : La lumi\u00e8re de la vie\u00a0\u00bb, a-t-il dit.<\/p>\n<p>Et de poursuivre que c\u2019est aussi la f\u00eate de la r\u00e9sistance, et la f\u00eate de la r\u00e9silience. Et comme nous sommes ici dans un espace qui est celui de la M\u00e9moire, \u00ab\u00a0Bayt Al Dakira\u00a0\u00bb, la r\u00e9silience prend tout son sens ici, pour les juifs mais, c\u2019est une r\u00e9silience universelle comme pour la modernit\u00e9.<\/p>\n<p>Pour M. Azoulay, \u00ab\u00a0cette f\u00eate est universelle comme les lumi\u00e8res qui brillent tout simplement lorsqu\u2019elles sont celles de tous\u00a0\u00bb. \u00ab\u00a0Je suis, \u00e0 la fois, fier et \u00e9mu parce que cette f\u00eate juive est organis\u00e9e \u00e0 l\u2019initiative de jeunes compatriotes musulmans. Ce geste n\u2019est pas rien\u00a0\u00bb, a-t-il insist\u00e9.<\/p>\n<p>\u00ab\u00a0Cette f\u00eate de Hanouccah est tr\u00e8s symbolique, tr\u00e8s riche et qui incarne \u00e0 la fois l\u2019esprit et la culture d\u2019Essaouira, puisque \u00e0 la fois nous avons, non seulement, \u00e9t\u00e9 \u00e9duqu\u00e9s dans cette \u00e9cole spirituelle mais nous sommes tr\u00e8s heureux que la renaissance de cet esprit se fasse dans cette convergence, cette proximit\u00e9, cette intimit\u00e9, et cette solidarit\u00e9 entre islam et juda\u00efsme, entre islam, juda\u00efsme et autres\u00a0\u00bb, a-t-il conclu.<\/p>\n<p>De son c\u00f4t\u00e9, le pr\u00e9sident de l\u2019Association Moga\u2019Jeunes, Othmane Mazzine, s\u2019est f\u00e9licit\u00e9 de l\u2019organisation de cette f\u00eate religieuse \u00e0 Essaouira, rappelant qu\u2019une initiative similaire destin\u00e9e \u00e0 f\u00eater No\u00ebl avec les Chr\u00e9tiens, \u00e0 travers un partage de \u00ab\u00a0Buche d\u2019Al Maheba (amour)\u00a0\u00bb a eu lieu le 25 d\u00e9cembre \u00e0 l\u2019Eglise Notre Dame de l\u2019Assomption de la cit\u00e9 des Aliz\u00e9s.<\/p>\n<p>Et de conclure qu\u2019au Maroc en g\u00e9n\u00e9ral, et \u00e0 Essaouira en particulier, ces valeurs de coexistence, d\u2019ouverture, de respect mutuel et du vivre en commun, on ne les invente pas: celles-ci constituent l\u2019ADN et l\u2019esprit de cette terre b\u00e9nie qui les incarne et les porte depuis des si\u00e8cles.<\/p>\n<p>Au terme de cette f\u00eate, l\u2019assistance a \u00e9t\u00e9 convi\u00e9e \u00e0 une r\u00e9ception selon le rituel juif, avant que des explications ne lui soit fournie sur Bayt Dakira, en cours de finalisation, ayant une triple vocation : spirituelle, avec la Synagogue Slat Attia, puis un espace \u00ab\u00a0Histoire et M\u00e9moire\u00a0\u00bb, et enfin, la Recherche Scientifique \u00e0 travers le Centre de Recherches Abraham Zagouri sur le droit h\u00e9bra\u00efque marocain, et le Centre de Recherches Ha\u00efm Zefrani sur les relations entre islam et juda\u00efsme.<\/p>\n<\/div>\n<p>Auteur: Meriem IGASS<br \/>\n<a href=\"http:\/\/www.mapmarrakech.ma\/fr\/juive-2\/\">Cliquez ici pour lire l&rsquo;article depuis sa source.<\/a><\/p>\n","protected":false},"excerpt":{"rendered":"<p>Essaouira \u2013 Plusieurs membres de la communaut\u00e9 juive d\u2019Essaouira et d\u2019ailleurs ont c\u00e9l\u00e9br\u00e9 dimanche \u00e0 la Synagogue de Slat Attia dans la cit\u00e9 des Aliz\u00e9s, la f\u00eate hivernale de Hanouccah (f\u00eate des lumi\u00e8res). Dans une ambiance empreinte de spiritualit\u00e9 et de communion, des Marocains de confession juive originaires en grande majorit\u00e9 d\u2019Essaouira ont ainsi proc\u00e9d\u00e9 [&hellip;]<\/p>\n","protected":false},"author":1788,"featured_media":0,"comment_status":"closed","ping_status":"closed","sticky":false,"template":"","format":"standard","meta":{"fifu_image_url":"","fifu_image_alt":"","footnotes":""},"categories":[54,76],"tags":[],"class_list":["post-71669","post","type-post","status-publish","format-standard","hentry","category-maroc","category-regions"],"_links":{"self":[{"href":"https:\/\/linitiative.ca\/International\/wp-json\/wp\/v2\/posts\/71669","targetHints":{"allow":["GET"]}}],"collection":[{"href":"https:\/\/linitiative.ca\/International\/wp-json\/wp\/v2\/posts"}],"about":[{"href":"https:\/\/linitiative.ca\/International\/wp-json\/wp\/v2\/types\/post"}],"author":[{"embeddable":true,"href":"https:\/\/linitiative.ca\/International\/wp-json\/wp\/v2\/users\/1788"}],"replies":[{"embeddable":true,"href":"https:\/\/linitiative.ca\/International\/wp-json\/wp\/v2\/comments?post=71669"}],"version-history":[{"count":0,"href":"https:\/\/linitiative.ca\/International\/wp-json\/wp\/v2\/posts\/71669\/revisions"}],"wp:attachment":[{"href":"https:\/\/linitiative.ca\/International\/wp-json\/wp\/v2\/media?parent=71669"}],"wp:term":[{"taxonomy":"category","embeddable":true,"href":"https:\/\/linitiative.ca\/International\/wp-json\/wp\/v2\/categories?post=71669"},{"taxonomy":"post_tag","embeddable":true,"href":"https:\/\/linitiative.ca\/International\/wp-json\/wp\/v2\/tags?post=71669"}],"curies":[{"name":"wp","href":"https:\/\/api.w.org\/{rel}","templated":true}]}}