{"id":71670,"date":"2019-12-30T04:53:10","date_gmt":"2019-12-30T09:53:10","guid":{"rendered":"https:\/\/linitiative.ca\/International\/maitre-gims-et-ses-amis-font-vibrer-la-place-jemaa-el-fna\/"},"modified":"2019-12-30T04:53:10","modified_gmt":"2019-12-30T09:53:10","slug":"maitre-gims-et-ses-amis-font-vibrer-la-place-jemaa-el-fna","status":"publish","type":"post","link":"https:\/\/linitiative.ca\/International\/maitre-gims-et-ses-amis-font-vibrer-la-place-jemaa-el-fna\/","title":{"rendered":"Ma\u00eetre Gims et ses amis font vibrer la Place Jemaa El Fna"},"content":{"rendered":"<div readability=\"35\">\n<p>Marrakech \u2013 Ma\u00eetre Gims et ses amis ont r\u00e9ussi \u00e0 cr\u00e9er la sensation \u00e0 la cit\u00e9 ocre en cette fin d\u2019ann\u00e9e en animant dimanche soir, un concert inoubliable \u00e0 la mythique place Jemaa Fna \u00e0 l\u2019occasion de la 3\u00e8 \u00e9dition de \u00ab\u00a0Stars in the place\u00a0\u00bb.<\/p>\n<\/div>\n<div readability=\"127\">\n<p>Cette 3\u00e8me \u00e9dition a tenu toutes ses promesses en r\u00e9ussissant \u00e0 transformer la c\u00e9l\u00e8bre place en un espace de partage, de fraternit\u00e9 et de tol\u00e9rance entre les peuples et les g\u00e9n\u00e9rations.<\/p>\n<p>Cette r\u00e9ussite prodigieuse du concert de cette ann\u00e9e, Ma\u00eetre Gims l\u2019a doit au choix judicieux et minutieux des artistes, qui sont les plus demand\u00e9s par les m\u00e9lomanes marocains \u00e0 l\u2019heure actuelle : la star \u00e9gyptienne Mohamed Ramadan, Dadju, Lartiste, Aminux et L7or, des artistes, qui ont tenu \u00e0 f\u00eater cette fin d\u2019ann\u00e9e avec le public marocain.<\/p>\n<p>Cette affiche all\u00e9chante a r\u00e9ussi \u00e0 satisfaire les go\u00fbts des m\u00e9lomanes, notamment les jeunes, issus de tous les quartiers de la cit\u00e9 ocre et des diff\u00e9rentes villes marocaines mais aussi des touristes \u00e9trangers.<\/p>\n<p>Lors de ce concert, les artistes, qui ont r\u00e9pondu pr\u00e9sent, ont offert une soir\u00e9e haute en couleurs et riche en \u00e9motions et ont fait vibrer le public au rythme d\u2019une soir\u00e9e unique et inoubliable avec une mise en sc\u00e8ne grandiose mise en place par des professionnels du monde du spectacle.<\/p>\n<p>Pendant pr\u00e8s de trois heures, le public et les artistes ont chant\u00e9 \u00e0 l\u2019unisson la Paix, l\u2019Amour et la Fraternit\u00e9.<\/p>\n<p>Un concert grandiose qui a \u00e9t\u00e9 \u00e0 la hauteur du rayonnement culturel international de la Cit\u00e9 ocre.<\/p>\n<p>Dans une d\u00e9claration \u00e0 la presse avant le d\u00e9but de ce concert, Ma\u00eetre Gims s\u2019est dit tr\u00e8s content de rencontrer le public marocain et de participer \u00e0 cette 3\u00e8me \u00e9dition de \u00ab\u00a0Stars In The Place\u00a0\u00bb, apr\u00e8s avoir \u00e9t\u00e9 pr\u00e9sent aussi lors des deux pr\u00e9c\u00e9dentes \u00e9ditions.<\/p>\n<p>Cet artiste d\u2019origine congolaise s\u2019est f\u00e9licit\u00e9 du succ\u00e8s populaire grandissant du concert \u00ab\u00a0Stars In The Place\u00a0\u00bb, qui souffle cette ann\u00e9e sa troisi\u00e8me bougie.<\/p>\n<p>\u00ab\u00a0Je suis heureux que ce projet connaisse autant de succ\u00e8s\u00a0\u00bb, a-t-il relev\u00e9, estimant que cet \u00e9v\u00e9nement culturel annuel n\u2019a rien \u00e0 envier aux grandes manifestations artistiques internationales.<\/p>\n<p>\u00ab\u00a0L\u2019organisation de cet \u00e9v\u00e9nement est aussi notre mani\u00e8re d\u2019exprimer \u00e0 Sa Majest\u00e9 le Roi Mohammed VI et \u00e0 tous les Marocains notre amour pour le Maroc et son peuple, et notre volont\u00e9 de contribuer \u00e0 la grande dynamique \u00e9conomique et sociale que conna\u00eet notre pays\u00a0\u00bb, a-t-il ajout\u00e9.<\/p>\n<p>De son c\u00f4t\u00e9, l\u2019artiste \u00e9gyptien Mohamed Ramadan s\u2019est dit tr\u00e8s fier et tr\u00e8s honor\u00e9 de se produire \u00e0 Marrakech et au Maroc, terre de la paix, o\u00f9 il vient r\u00e9guli\u00e8rement animer des concerts.<\/p>\n<p>Le public marocain est connu pour son go\u00fbt artistique raffin\u00e9, a-t-il ajout\u00e9, tenant \u00e0 rappeler que les grands artistes \u00e9gyptiens de la belle \u00e9poque (Abdelhalim Hafez, Oum Khaltoum et Mohamed Abdelouahab entre autres) ont toujours \u00e9t\u00e9 bien accueillis et soutenus par le public marocain.<\/p>\n<p>Organis\u00e9 par Lamalif Group, ce rendez-vous artistique annuel, plac\u00e9 sous le Haut Patronage de SM le Roi Mohammed VI, est devenu d\u00e9sormais incontournable de la sc\u00e8ne culturelle de la cit\u00e9 ocre.<\/p>\n<p>Concert annuel 100% gratuit, \u00ab\u00a0Stars in The Place\u00a0\u00bb est un concept port\u00e9 par Ma\u00eetre Gims, qui invite ses amis artistes pour partager leur passion pour le Maroc et pour Marrakech.<\/p>\n<p>Ma\u00eetre Gims, de son vrai nom Gandhi Djuna, est un rappeur, chanteur et compositeur n\u00e9 en 1986 \u00e0 Kinshasa (R\u00e9publique d\u00e9mocratique du Congo).<\/p>\n<p>Cet artiste de renomm\u00e9e internationale est issu d\u2019une famille de musiciens puisque son p\u00e8re \u00e9tait un chanteur du groupe \u00ab\u00a0Viva La Musica\u00a0\u00bb et il a des fr\u00e8res rappeurs.<\/p>\n<p>\u00ab\u00a0Stars in the Place\u00a0\u00bb entend inviter chaque ann\u00e9e des artistes majeurs pour se produire \u00e0 la mythique place Jemaa El Fna.<\/p>\n<\/div>\n<p>Auteur: Meriem IGASS<br \/>\n<a href=\"http:\/\/www.mapmarrakech.ma\/fr\/gims-2\/\">Cliquez ici pour lire l&rsquo;article depuis sa source.<\/a><\/p>\n","protected":false},"excerpt":{"rendered":"<p>Marrakech \u2013 Ma\u00eetre Gims et ses amis ont r\u00e9ussi \u00e0 cr\u00e9er la sensation \u00e0 la cit\u00e9 ocre en cette fin d\u2019ann\u00e9e en animant dimanche soir, un concert inoubliable \u00e0 la mythique place Jemaa Fna \u00e0 l\u2019occasion de la 3\u00e8 \u00e9dition de \u00ab\u00a0Stars in the place\u00a0\u00bb. Cette 3\u00e8me \u00e9dition a tenu toutes ses promesses en r\u00e9ussissant [&hellip;]<\/p>\n","protected":false},"author":1788,"featured_media":0,"comment_status":"closed","ping_status":"closed","sticky":false,"template":"","format":"standard","meta":{"fifu_image_url":"","fifu_image_alt":"","footnotes":""},"categories":[54,76],"tags":[],"class_list":["post-71670","post","type-post","status-publish","format-standard","hentry","category-maroc","category-regions"],"_links":{"self":[{"href":"https:\/\/linitiative.ca\/International\/wp-json\/wp\/v2\/posts\/71670","targetHints":{"allow":["GET"]}}],"collection":[{"href":"https:\/\/linitiative.ca\/International\/wp-json\/wp\/v2\/posts"}],"about":[{"href":"https:\/\/linitiative.ca\/International\/wp-json\/wp\/v2\/types\/post"}],"author":[{"embeddable":true,"href":"https:\/\/linitiative.ca\/International\/wp-json\/wp\/v2\/users\/1788"}],"replies":[{"embeddable":true,"href":"https:\/\/linitiative.ca\/International\/wp-json\/wp\/v2\/comments?post=71670"}],"version-history":[{"count":0,"href":"https:\/\/linitiative.ca\/International\/wp-json\/wp\/v2\/posts\/71670\/revisions"}],"wp:attachment":[{"href":"https:\/\/linitiative.ca\/International\/wp-json\/wp\/v2\/media?parent=71670"}],"wp:term":[{"taxonomy":"category","embeddable":true,"href":"https:\/\/linitiative.ca\/International\/wp-json\/wp\/v2\/categories?post=71670"},{"taxonomy":"post_tag","embeddable":true,"href":"https:\/\/linitiative.ca\/International\/wp-json\/wp\/v2\/tags?post=71670"}],"curies":[{"name":"wp","href":"https:\/\/api.w.org\/{rel}","templated":true}]}}