{"id":71673,"date":"2019-12-30T12:18:46","date_gmt":"2019-12-30T17:18:46","guid":{"rendered":"https:\/\/linitiative.ca\/International\/setif-vers-une-autonomie-nationale-de-stockage-de-carburants-de-30-jours\/"},"modified":"2019-12-30T12:18:46","modified_gmt":"2019-12-30T17:18:46","slug":"setif-vers-une-autonomie-nationale-de-stockage-de-carburants-de-30-jours","status":"publish","type":"post","link":"https:\/\/linitiative.ca\/International\/setif-vers-une-autonomie-nationale-de-stockage-de-carburants-de-30-jours\/","title":{"rendered":"S\u00e9tif : vers une autonomie nationale de stockage de carburants de 30 jours"},"content":{"rendered":"<p><span class=\"sp-nh-title\">R\u00e9union du bureau de l&rsquo;APN pour l&rsquo;examen de questions orales et \u00e9crites<\/span> &#8211; <span class=\"sp-nh-date\">lundi 30 d\u00e9cembre 2019 20:06<\/span><\/p>\n<p><span class=\"sp-nh-title\">Processus de paix au Sahara occidental: Brahim Ghali appelle l&rsquo;ONU \u00e0 plus d&rsquo;efforts<\/span> &#8211; <span class=\"sp-nh-date\">lundi 30 d\u00e9cembre 2019 20:03<\/span><\/p>\n<p><span class=\"sp-nh-title\">Pr\u00e8s 700 boulangeries pour lancer la campagne de g\u00e9n\u00e9ralisation des sacs en papier<\/span> &#8211; <span class=\"sp-nh-date\">lundi 30 d\u00e9cembre 2019 19:46<\/span><\/p>\n<p><span class=\"sp-nh-title\">Protection civile: 145 personnes d\u00e9c\u00e9d\u00e9es par asphyxie au monoxyde de carbone en 2019\u00a0\u00a0 \u00a0<\/span> &#8211; <span class=\"sp-nh-date\">lundi 30 d\u00e9cembre 2019 19:45<\/span><\/p>\n<p><span class=\"sp-nh-title\">Un nouveau DG \u00e0 la t\u00eate de l&rsquo;Onci\u00a0<\/span> &#8211; <span class=\"sp-nh-date\">lundi 30 d\u00e9cembre 2019 19:41<\/span><\/p>\n<p><span class=\"sp-nh-title\">F\u00eates de fin d&rsquo;ann\u00e9e: plusieurs mesures sp\u00e9ciales ont \u00e9t\u00e9 prises<\/span> &#8211; <span class=\"sp-nh-date\">lundi 30 d\u00e9cembre 2019 19:33<\/span><\/p>\n<p><span class=\"sp-nh-title\">Sonelgaz: 45 milliards de DA pour la r\u00e9alisation de 35 transformateurs \u00e0 Alger<\/span> &#8211; <span class=\"sp-nh-date\">lundi 30 d\u00e9cembre 2019 19:16<\/span><\/p>\n<p><span class=\"sp-nh-title\">Foire de la production alg\u00e9rienne : forte affluence des visiteurs<\/span> &#8211; <span class=\"sp-nh-date\">lundi 30 d\u00e9cembre 2019 19:14<\/span><\/p>\n<p><span class=\"sp-nh-title\">CITAL remporte le Prix alg\u00e9rien de la Qualit\u00e9 2019<\/span> &#8211; <span class=\"sp-nh-date\">lundi 30 d\u00e9cembre 2019 18:54<\/span><\/p>\n<p><span class=\"sp-nh-title\">Lancement de la r\u00e9alisation de 300 logements de type LPA dans la commune de Ain Benian<\/span> &#8211; <span class=\"sp-nh-date\">lundi 30 d\u00e9cembre 2019 18:49<\/span><\/p>\n<p><span class=\"sp-nh-title\">Les auteurs de trois inventions de Tiaret honor\u00e9s par le minist\u00e8re de l&rsquo;Int\u00e9rieur<\/span> &#8211; <span class=\"sp-nh-date\">lundi 30 d\u00e9cembre 2019 18:22<\/span><\/p>\n<p><span class=\"sp-nh-title\">S\u00e9tif : vers une autonomie nationale de stockage de carburants de 30 jours<\/span> &#8211; <span class=\"sp-nh-date\">lundi 30 d\u00e9cembre 2019 18:18<\/span><\/p>\n<p><span class=\"sp-nh-title\">S\u00e9tif : vers une autonomie nationale de stockage de carburants de 30 jours<\/span> &#8211; <span class=\"sp-nh-date\">lundi 30 d\u00e9cembre 2019 18:18<\/span><\/p>\n<p><span class=\"sp-nh-title\">Courrier express: EMS Alg\u00e9rie am\u00e9liore de 26 places son classement mondial en 2019<\/span> &#8211; <span class=\"sp-nh-date\">lundi 30 d\u00e9cembre 2019 18:05<\/span><\/p>\n<p><span class=\"sp-nh-title\">Foot\/ meilleur joueur maghr\u00e9bin : d\u00e9but du vote, six internationaux alg\u00e9riens en course<\/span> &#8211; <span class=\"sp-nh-date\">lundi 30 d\u00e9cembre 2019 17:56<\/span><\/p>\n<p><span class=\"sp-nh-title\">Le MSP dispos\u00e9 \u00e0 adh\u00e9rer au dialogue sur les r\u00e9formes \u00e0 engager<\/span> &#8211; <span class=\"sp-nh-date\">lundi 30 d\u00e9cembre 2019 17:46<\/span><\/p>\n<p><span class=\"sp-nh-title\">Accidents de la circulation: 114 personnes bless\u00e9es dans des zones urbaines le week-end dernier<\/span> &#8211; <span class=\"sp-nh-date\">lundi 30 d\u00e9cembre 2019 17:23<\/span><\/p>\n<p><span class=\"sp-nh-title\">Mauritanie: le pr\u00e9sident El Ghazouani sort renforc\u00e9 du 2\u00e8me congr\u00e8s de l&rsquo;UPR<\/span> &#8211; <span class=\"sp-nh-date\">lundi 30 d\u00e9cembre 2019 17:08<\/span><\/p>\n<p><span class=\"sp-nh-title\">Berraf : des athl\u00e8tes ont \u00e9t\u00e9 priv\u00e9s de bourses obtenues par le COA<\/span> &#8211; <span class=\"sp-nh-date\">lundi 30 d\u00e9cembre 2019 16:52<\/span><\/p>\n<p><span class=\"sp-nh-title\">Plus de 62 000 enseignants passent mardi les examens de promotion<\/span> &#8211; <span class=\"sp-nh-date\">lundi 30 d\u00e9cembre 2019 16:26<\/span><\/p>\n<p>Auteur:<br \/>\n<a href=\"http:\/\/www.aps.dz\/regions\/99570-setif-vers-une-autonomie-nationale-de-stockage-de-carburants-de-30-jours\">Cliquez ici pour lire l&rsquo;article depuis sa source.<\/a><\/p>\n","protected":false},"excerpt":{"rendered":"<p>R\u00e9union du bureau de l&rsquo;APN pour l&rsquo;examen de questions orales et \u00e9crites &#8211; lundi 30 d\u00e9cembre 2019 20:06 Processus de paix au Sahara occidental: Brahim Ghali appelle l&rsquo;ONU \u00e0 plus d&rsquo;efforts &#8211; lundi 30 d\u00e9cembre 2019 20:03 Pr\u00e8s 700 boulangeries pour lancer la campagne de g\u00e9n\u00e9ralisation des sacs en papier &#8211; lundi 30 d\u00e9cembre 2019 [&hellip;]<\/p>\n","protected":false},"author":1790,"featured_media":0,"comment_status":"closed","ping_status":"closed","sticky":false,"template":"","format":"standard","meta":{"fifu_image_url":"","fifu_image_alt":"","footnotes":""},"categories":[53,76],"tags":[],"class_list":["post-71673","post","type-post","status-publish","format-standard","hentry","category-algerie","category-regions"],"_links":{"self":[{"href":"https:\/\/linitiative.ca\/International\/wp-json\/wp\/v2\/posts\/71673","targetHints":{"allow":["GET"]}}],"collection":[{"href":"https:\/\/linitiative.ca\/International\/wp-json\/wp\/v2\/posts"}],"about":[{"href":"https:\/\/linitiative.ca\/International\/wp-json\/wp\/v2\/types\/post"}],"author":[{"embeddable":true,"href":"https:\/\/linitiative.ca\/International\/wp-json\/wp\/v2\/users\/1790"}],"replies":[{"embeddable":true,"href":"https:\/\/linitiative.ca\/International\/wp-json\/wp\/v2\/comments?post=71673"}],"version-history":[{"count":0,"href":"https:\/\/linitiative.ca\/International\/wp-json\/wp\/v2\/posts\/71673\/revisions"}],"wp:attachment":[{"href":"https:\/\/linitiative.ca\/International\/wp-json\/wp\/v2\/media?parent=71673"}],"wp:term":[{"taxonomy":"category","embeddable":true,"href":"https:\/\/linitiative.ca\/International\/wp-json\/wp\/v2\/categories?post=71673"},{"taxonomy":"post_tag","embeddable":true,"href":"https:\/\/linitiative.ca\/International\/wp-json\/wp\/v2\/tags?post=71673"}],"curies":[{"name":"wp","href":"https:\/\/api.w.org\/{rel}","templated":true}]}}