{"id":71680,"date":"2019-12-30T05:30:00","date_gmt":"2019-12-30T10:30:00","guid":{"rendered":"https:\/\/linitiative.ca\/International\/les-priorites-de-la-presidence-croate\/"},"modified":"2019-12-30T05:30:00","modified_gmt":"2019-12-30T10:30:00","slug":"les-priorites-de-la-presidence-croate","status":"publish","type":"post","link":"https:\/\/linitiative.ca\/International\/les-priorites-de-la-presidence-croate\/","title":{"rendered":"Les priorit\u00e9s de la pr\u00e9sidence croate"},"content":{"rendered":"<div readability=\"34\">\n<p>Le pays prend au d\u00e9but de l&rsquo;ann\u00e9e les r\u00eanes de l&rsquo;UE<\/p>\n<p>Slogan: Une Europe forte pour r\u00e9pondre aux probl\u00e9matiques<\/p>\n<\/div>\n<div readability=\"74.3041237113\">\n<div class=\"dnd-atom-wrapper type-image context-sdl_editor_representation atom-align-right\" contenteditable=\"false\">\n<div class=\"dnd-drop-wrapper image\"><img loading=\"lazy\" decoding=\"async\" typeof=\"foaf:Image\" class=\"img-responsive\" src=\"https:\/\/leconomiste.com\/sites\/default\/files\/eco7\/public\/thumbnails\/image\/prescolaire-ue-064.jpg\" width=\"364\" height=\"454\" alt=\"prescolaire-ue-064.jpg\" title=\"prescolaire-ue-064.jpg\"\/><\/div>\n<\/div>\n<p class=\"rtejustify\">La Croatie est appel\u00e9e \u00e0 assumer la pr\u00e9sidence du Conseil de l&rsquo;UE pour 6 mois \u00e0 partir de janvier 2020. Zagreb devra attendre le second tour pr\u00e9vu pour le 5 janvier afin de conna\u00eetre le nom de son prochain pr\u00e9sident.<\/p>\n<p class=\"rtejustify\"><strong>\u25a0 Brexit et Balkans:<\/strong> La Croatie assumera la pr\u00e9sidence tournante de l&rsquo;UE qui verra sans doute le Royaume-Uni quitter l&rsquo;Union et des Etats des Balkans occidentaux frapper \u00e0 sa porte. L&rsquo;ancienne R\u00e9publique yougoslave est devenue ind\u00e9\u00adpendante en 1991 et a rejoint les rangs de l&rsquo;Union europ\u00e9enne en 2013. Comme bon nombre de ses voisins balkaniques, la Croatie fait face \u00e0 l&rsquo;\u00e9migration mas\u00adsive de ses habitants. Ils partent chercher une vie meilleure dans des pays d&rsquo;Europe plus riches. L&rsquo;adh\u00e9sion \u00e0 l&rsquo;UE a facilit\u00e9 et acc\u00e9l\u00e9r\u00e9 l&rsquo;\u00e9migration. Aujourd&rsquo;hui, 15,4% de la population active vit dans un autre pays europ\u00e9en, soit la proportion la plus forte derri\u00e8re la Roumanie, selon Euros\u00adtat. Fortement d\u00e9pendant du tourisme, le pays compte sur des migrants venus de la r\u00e9gion (Bosnie, Serbie, Kosovo&#8230;) pour booster son \u00e9conomie.<\/p>\n<p class=\"rtejustify\"><strong>\u25a0 Politique migratoire:<\/strong> La cheffe de l&rsquo;Etat conservatrice sortante, Kolinda Grabar-Kitarovic, affrontera un ancien Premier ministre de centre gauche au se\u00adcond tour de la pr\u00e9sidentielle. Le premier tour a r\u00e9v\u00e9l\u00e9 la mont\u00e9e en puissance de la droite dure dans un pays qui fait face \u00e0 la pression de migrants \u00e0 ses fronti\u00e8res. Avec plus de 1.000 \u00eeles et \u00eelots diss\u00e9min\u00e9s dans l&rsquo;Adriatique, face au continent, la Croatie compte pr\u00e8s de 6.000 kilom\u00e8tres de c\u00f4tes. Plus de 20 millions de touristes visitent chaque ann\u00e9e le pays, ce qui ap\u00adporte au pays un cinqui\u00e8me de son Pro\u00adduit int\u00e9rieur brut (PIB). La Croatie n&rsquo;est pas encore dans la zone euro et conserve sa monnaie, la \u00abkuna\u00bb, adopt\u00e9e en 1994, pendant la guerre d&rsquo;ind\u00e9pendance, pour remplacer le dinar.<\/p>\n<p class=\"rtejustify\"><strong>\u25a0 Economie, climat\u2026:<\/strong> La pr\u00e9si\u00addence croate vise \u00e0 d\u00e9fendre \u00abUne Europe forte dans un monde plein de d\u00e9fis\u00bb. Son mandat s&rsquo;inscrit dans un tournant crucial pour l&rsquo;Union, avec le renouvellement du Parlement et de la Commission. En plus, des d\u00e9fis soulev\u00e9s par le Brexit et de ses incertitudes. De la n\u00e9cessit\u00e9 d&rsquo;une Europe forte pour r\u00e9pondre aux probl\u00e9matiques de d\u00e9veloppement \u00e9conomique, d&rsquo;urgence climatique, des migrations, de la d\u00e9sin\u00adformation et du populisme, la pr\u00e9sidence croate a fait \u00e9merger plusieurs priorit\u00e9s (voir d\u00e9tail <a href=\"https:\/\/occitanie-europe.eu\">https:\/\/occitanie-europe.eu<\/a>). Dans un monde interconnect\u00e9, l&rsquo;Union doit assurer une connectivit\u00e9 renforc\u00e9e des infrastructures. Le renforcement de la s\u00e9curit\u00e9 int\u00e9rieure de l&rsquo;Union est essentiel pour assurer un contr\u00f4le des fronti\u00e8res efficace ainsi qu&rsquo;une r\u00e9silience face aux menaces hybrides. Une politique migra\u00adtoire compr\u00e9hensive et durable est un objectif d\u00e9fendu par la pr\u00e9sidence. Enfin, celle-ci vise \u00e0 garantir la protection des libert\u00e9s et de la d\u00e9mocratie.<\/p>\n<p class=\"rtejustify\"><em>F. Z. T.<\/em><\/p>\n<\/div>\n<p>Auteur: hlafriqi<br \/>\n<a href=\"https:\/\/www.leconomiste.com\/article\/1055111-les-priorites-de-la-presidence-croate\">Cliquez ici pour lire l&rsquo;article depuis sa source.<\/a><\/p>\n","protected":false},"excerpt":{"rendered":"<p>Le pays prend au d\u00e9but de l&rsquo;ann\u00e9e les r\u00eanes de l&rsquo;UE Slogan: Une Europe forte pour r\u00e9pondre aux probl\u00e9matiques La Croatie est appel\u00e9e \u00e0 assumer la pr\u00e9sidence du Conseil de l&rsquo;UE pour 6 mois \u00e0 partir de janvier 2020. Zagreb devra attendre le second tour pr\u00e9vu pour le 5 janvier afin de conna\u00eetre le nom [&hellip;]<\/p>\n","protected":false},"author":1763,"featured_media":71681,"comment_status":"closed","ping_status":"closed","sticky":false,"template":"","format":"standard","meta":{"fifu_image_url":"","fifu_image_alt":"","footnotes":""},"categories":[78,54],"tags":[],"class_list":["post-71680","post","type-post","status-publish","format-standard","has-post-thumbnail","hentry","category-economie","category-maroc"],"_links":{"self":[{"href":"https:\/\/linitiative.ca\/International\/wp-json\/wp\/v2\/posts\/71680","targetHints":{"allow":["GET"]}}],"collection":[{"href":"https:\/\/linitiative.ca\/International\/wp-json\/wp\/v2\/posts"}],"about":[{"href":"https:\/\/linitiative.ca\/International\/wp-json\/wp\/v2\/types\/post"}],"author":[{"embeddable":true,"href":"https:\/\/linitiative.ca\/International\/wp-json\/wp\/v2\/users\/1763"}],"replies":[{"embeddable":true,"href":"https:\/\/linitiative.ca\/International\/wp-json\/wp\/v2\/comments?post=71680"}],"version-history":[{"count":0,"href":"https:\/\/linitiative.ca\/International\/wp-json\/wp\/v2\/posts\/71680\/revisions"}],"wp:featuredmedia":[{"embeddable":true,"href":"https:\/\/linitiative.ca\/International\/wp-json\/"}],"wp:attachment":[{"href":"https:\/\/linitiative.ca\/International\/wp-json\/wp\/v2\/media?parent=71680"}],"wp:term":[{"taxonomy":"category","embeddable":true,"href":"https:\/\/linitiative.ca\/International\/wp-json\/wp\/v2\/categories?post=71680"},{"taxonomy":"post_tag","embeddable":true,"href":"https:\/\/linitiative.ca\/International\/wp-json\/wp\/v2\/tags?post=71680"}],"curies":[{"name":"wp","href":"https:\/\/api.w.org\/{rel}","templated":true}]}}