{"id":71683,"date":"2019-12-30T05:45:00","date_gmt":"2019-12-30T10:45:00","guid":{"rendered":"https:\/\/linitiative.ca\/International\/la-guerre-du-gaz-fait-rage\/"},"modified":"2019-12-30T05:45:00","modified_gmt":"2019-12-30T10:45:00","slug":"la-guerre-du-gaz-fait-rage","status":"publish","type":"post","link":"https:\/\/linitiative.ca\/International\/la-guerre-du-gaz-fait-rage\/","title":{"rendered":"La guerre du gaz fait rage"},"content":{"rendered":"<div readability=\"36\">\n<p>Ath\u00e8nes poursuit son marathon diplomatique<\/p>\n<p>Objectif: Limiter les effets d\u2019un accord entre la Turquie et la Libye<\/p>\n<p>Le projet du gazoduc EastMed sera sign\u00e9 le 2 janvier<\/p>\n<\/div>\n<div readability=\"91\">\n<p class=\"rtejustify\">La d\u00e9couverte de gaz en M\u00e9diterran\u00e9e orientale a fait na\u00eetre de grands espoirs, mais aussi des tensions. Les querelles ont port\u00e9 notamment sur les droits et les fronti\u00e8res maritimes entre les pays de la r\u00e9gion.<\/p>\n<p class=\"rtejustify\">Justement pour contrer la Turquie dans sa ru\u00e9e vers le gaz, Ath\u00e8nes poursuit son marathon diplomatique. Le ministre des Affaires \u00e9trang\u00e8res grec Nikos Dendias a entrepris des visites \u00e9clair dans l\u2019est de la Libye, en Egypte et \u00e0 Chypre. Et ce, afin de trouver des soutiens contre l\u2019accord militaire et maritime sign\u00e9 fin novembre entre Ankara et le gouvernement libyen d\u2019union (GNA), reconnu par l\u2019ONU.<\/p>\n<p class=\"rtejustify\">La Gr\u00e8ce a appel\u00e9 les Nations unies \u00e0 condamner cet accord. Lequel permet \u00e0 Ankara de revendiquer des droits sur des zones en M\u00e9diterran\u00e9e riches en hydrocarbures, notamment au large de la Cr\u00e8te.<\/p>\n<p class=\"rtejustify\">L\u2019accord turco-libyen a provoqu\u00e9 la col\u00e8re d\u2019Ath\u00e8nes qui a expuls\u00e9 le 6 d\u00e9cembre l\u2019ambassadeur libyen. Selon certains observateurs, le rapprochement de la Turquie avec la Libye a pour but de s\u2019assurer le soutien d\u2019un de ses rares alli\u00e9s dans la r\u00e9gion, le GNA, et de ne pas \u00eatre \u00e9vinc\u00e9 de la ru\u00e9e vers le gaz. Les inqui\u00e9tudes de Tripoli face \u00e0 l\u2019homme fort de l\u2019Est libyen, Khalifa Haftar, dont les forces se rapprochent de la capitale libyenne, ont par ailleurs pr\u00e9cipit\u00e9 la signature de l\u2019accord.<\/p>\n<p class=\"rtejustify\">Se tournant habituellement vers l\u2019UE pour les probl\u00e8mes majeurs, la Gr\u00e8ce a cette fois pris des initiatives en forgeant des alliances avec l\u2019Egypte et Isra\u00ebl. Ath\u00e8nes acc\u00e9l\u00e8re actuellement les discussions avec le Caire pour constituer une zone \u00e9conomique exclusive. Le Premier ministre grec Kyriakos Mitsotakis a pr\u00e9vu une visite officielle \u00e0 la Maison- Blanche le 7 janvier prochain.<\/p>\n<p class=\"rtejustify\">Des diplomates am\u00e9ricains ont condamn\u00e9 l\u2019accord entre la Turquie et la Libye, mais la position de Donald Trump, qui s\u2019est oppos\u00e9 \u00e0 son d\u00e9partement d\u2019Etat dans le pass\u00e9, reste inconnue. Le pr\u00e9sident am\u00e9ricain s\u2019\u00e9tant montr\u00e9 plut\u00f4t accommodant avec son homologue turc r\u00e9cemment sur le conflit syrien.<\/p>\n<p class=\"rtejustify\">Le pr\u00e9sident Erdogan a appel\u00e9 plusieurs fois \u00e0 revoir des trait\u00e9s territoriaux de plusieurs d\u00e9cennies avec la Gr\u00e8ce. Son pays \u00abn\u2019avait plus le luxe de rester silencieux sur la question\u00bb, a-t-il affirm\u00e9 r\u00e9cemment. \u00abLa Gr\u00e8ce et les pays qui la soutiennent ont depuis longtemps pris leurs dispositions afin que la Turquie ne puisse pas s\u2019\u00e9tendre sur la mer\u00bb, a d\u00e9clar\u00e9 Erdogan.<\/p>\n<p class=\"rtejustify\">\u00abNous sommes le pays avec la plus longue c\u00f4te en M\u00e9diterran\u00e9e, nous sommes d\u00e9termin\u00e9s \u00e0 nous battre pour prot\u00e9ger nos droits jusqu\u2019au bout et par tous les moyens \u00e0 notre disposition\u00bb, a-t-il pr\u00e9venu.<\/p>\n<blockquote readability=\"11\">\n<p class=\"rtecenter\"><strong><span class=\"c4\">Le gazoduc EastMed<\/span><\/strong><\/p>\n<p class=\"rtejustify\">Plusieurs bateaux turcs sont d\u00e9j\u00e0 \u00e0 la recherche de p\u00e9trole et de gaz au large de Chypre. Un sujet de tensions avec l\u2019Union europ\u00e9enne dont Nicosie est membre, la Turquie occupant la partie nord de l\u2019\u00eele.<br \/>Juste apr\u00e8s la tourn\u00e9e du ministre grec des Affaires \u00e9trang\u00e8res, Ath\u00e8nes a annonc\u00e9 qu\u2019un accord sur le gazoduc EastMed sera sign\u00e9 entre la Gr\u00e8ce, Chypre et Isra\u00ebl le 2 janvier. Ce gazoduc de 2.000 kilom\u00e8tres devrait faire des trois pays un maillon important de la cha\u00eene d\u2019approvisionnement \u00e9nerg\u00e9tique de l\u2019Europe et bloquer les tentatives de la Turquie pour \u00e9tendre son contr\u00f4le sur la M\u00e9diterran\u00e9e orientale.<\/p>\n<\/blockquote>\n<p class=\"rtejustify\"><em>F. Z. T. avec agences<\/em><\/p>\n<p class=\"rtejustify\">\u00a0<\/p>\n<\/div>\n<p>Auteur: hlafriqi<br \/>\n<a href=\"https:\/\/www.leconomiste.com\/article\/1055155-la-guerre-du-gaz-fait-rage\">Cliquez ici pour lire l&rsquo;article depuis sa source.<\/a><\/p>\n","protected":false},"excerpt":{"rendered":"<p>Ath\u00e8nes poursuit son marathon diplomatique Objectif: Limiter les effets d\u2019un accord entre la Turquie et la Libye Le projet du gazoduc EastMed sera sign\u00e9 le 2 janvier La d\u00e9couverte de gaz en M\u00e9diterran\u00e9e orientale a fait na\u00eetre de grands espoirs, mais aussi des tensions. Les querelles ont port\u00e9 notamment sur les droits et les fronti\u00e8res [&hellip;]<\/p>\n","protected":false},"author":1763,"featured_media":0,"comment_status":"closed","ping_status":"closed","sticky":false,"template":"","format":"standard","meta":{"fifu_image_url":"","fifu_image_alt":"","footnotes":""},"categories":[78,54],"tags":[],"class_list":["post-71683","post","type-post","status-publish","format-standard","hentry","category-economie","category-maroc"],"_links":{"self":[{"href":"https:\/\/linitiative.ca\/International\/wp-json\/wp\/v2\/posts\/71683","targetHints":{"allow":["GET"]}}],"collection":[{"href":"https:\/\/linitiative.ca\/International\/wp-json\/wp\/v2\/posts"}],"about":[{"href":"https:\/\/linitiative.ca\/International\/wp-json\/wp\/v2\/types\/post"}],"author":[{"embeddable":true,"href":"https:\/\/linitiative.ca\/International\/wp-json\/wp\/v2\/users\/1763"}],"replies":[{"embeddable":true,"href":"https:\/\/linitiative.ca\/International\/wp-json\/wp\/v2\/comments?post=71683"}],"version-history":[{"count":0,"href":"https:\/\/linitiative.ca\/International\/wp-json\/wp\/v2\/posts\/71683\/revisions"}],"wp:attachment":[{"href":"https:\/\/linitiative.ca\/International\/wp-json\/wp\/v2\/media?parent=71683"}],"wp:term":[{"taxonomy":"category","embeddable":true,"href":"https:\/\/linitiative.ca\/International\/wp-json\/wp\/v2\/categories?post=71683"},{"taxonomy":"post_tag","embeddable":true,"href":"https:\/\/linitiative.ca\/International\/wp-json\/wp\/v2\/tags?post=71683"}],"curies":[{"name":"wp","href":"https:\/\/api.w.org\/{rel}","templated":true}]}}