{"id":71686,"date":"2019-12-30T15:14:01","date_gmt":"2019-12-30T20:14:01","guid":{"rendered":"https:\/\/linitiative.ca\/International\/international-barca-arthur-connait-la-duree-de-son-indisponibilite\/"},"modified":"2019-12-30T15:14:01","modified_gmt":"2019-12-30T20:14:01","slug":"international-barca-arthur-connait-la-duree-de-son-indisponibilite","status":"publish","type":"post","link":"https:\/\/linitiative.ca\/International\/international-barca-arthur-connait-la-duree-de-son-indisponibilite\/","title":{"rendered":"International : Bar\u00e7a\u00a0: Arthur connait la dur\u00e9e de son indisponibilit\u00e9"},"content":{"rendered":"<div readability=\"32\">\n<p>Auteur : <span class=\"time\">lundi 30 d\u00e9cembre 2019 14:40<\/span><\/p>\n<\/div>\n<div id=\"post_core\" readability=\"43\">\n<p>Cependant, le club blaugrana indique que deux \u00e9l\u00e9ments manqueront la reprise\u00a0: Arthur et Marc-Andr\u00e9 Ter Stegen.<\/p>\n<p>\u00ab\u00a0Le joueur de l\u2019\u00e9quipe premi\u00e8re Arthur continue son traitement pour soigner sa blessure au pubis. La dur\u00e9e d\u2019indisponibilit\u00e9 sera environ trois semaines\u00a0\u00bb, indique le communiqu\u00e9 qui pr\u00e9cise \u00e9galement que le portier Marc-Andr\u00e9 Ter Stegen soigne lui aussi son genou droit, mais aucune pr\u00e9cision concernant la dur\u00e9e de son indisponibilit\u00e9 n\u2019a filtr\u00e9. Source : Footmercato.<\/p>\n<p><strong>Publi\u00e9 dans :<\/strong> <span>bar\u00e7a<\/span> <span>Arthur<\/span><\/p>\n<\/div>\n<p>Auteur:<br \/>\n<a href=\"http:\/\/www.lebuteur.com\/article\/detail?titre=barca%C2%A0-arthur-connait-la-duree-de-son-indisponibilite&#038;id=93886&#038;utm_source=feedburner&#038;utm_medium=feed&#038;utm_campaign=Feed%3A+GalerieFArtciles+%28Les+derniers+articles++-+lebuteur.com%29\">Cliquez ici pour lire l&rsquo;article depuis sa source.<\/a><\/p>\n","protected":false},"excerpt":{"rendered":"<p>Auteur : lundi 30 d\u00e9cembre 2019 14:40 Cependant, le club blaugrana indique que deux \u00e9l\u00e9ments manqueront la reprise\u00a0: Arthur et Marc-Andr\u00e9 Ter Stegen. \u00ab\u00a0Le joueur de l\u2019\u00e9quipe premi\u00e8re Arthur continue son traitement pour soigner sa blessure au pubis. La dur\u00e9e d\u2019indisponibilit\u00e9 sera environ trois semaines\u00a0\u00bb, indique le communiqu\u00e9 qui pr\u00e9cise \u00e9galement que le portier Marc-Andr\u00e9 [&hellip;]<\/p>\n","protected":false},"author":1738,"featured_media":71687,"comment_status":"closed","ping_status":"closed","sticky":false,"template":"","format":"standard","meta":{"fifu_image_url":"","fifu_image_alt":"","footnotes":""},"categories":[53,75],"tags":[],"class_list":["post-71686","post","type-post","status-publish","format-standard","has-post-thumbnail","hentry","category-algerie","category-sport"],"_links":{"self":[{"href":"https:\/\/linitiative.ca\/International\/wp-json\/wp\/v2\/posts\/71686","targetHints":{"allow":["GET"]}}],"collection":[{"href":"https:\/\/linitiative.ca\/International\/wp-json\/wp\/v2\/posts"}],"about":[{"href":"https:\/\/linitiative.ca\/International\/wp-json\/wp\/v2\/types\/post"}],"author":[{"embeddable":true,"href":"https:\/\/linitiative.ca\/International\/wp-json\/wp\/v2\/users\/1738"}],"replies":[{"embeddable":true,"href":"https:\/\/linitiative.ca\/International\/wp-json\/wp\/v2\/comments?post=71686"}],"version-history":[{"count":0,"href":"https:\/\/linitiative.ca\/International\/wp-json\/wp\/v2\/posts\/71686\/revisions"}],"wp:featuredmedia":[{"embeddable":true,"href":"https:\/\/linitiative.ca\/International\/wp-json\/"}],"wp:attachment":[{"href":"https:\/\/linitiative.ca\/International\/wp-json\/wp\/v2\/media?parent=71686"}],"wp:term":[{"taxonomy":"category","embeddable":true,"href":"https:\/\/linitiative.ca\/International\/wp-json\/wp\/v2\/categories?post=71686"},{"taxonomy":"post_tag","embeddable":true,"href":"https:\/\/linitiative.ca\/International\/wp-json\/wp\/v2\/tags?post=71686"}],"curies":[{"name":"wp","href":"https:\/\/api.w.org\/{rel}","templated":true}]}}