{"id":71688,"date":"2019-12-30T15:14:05","date_gmt":"2019-12-30T20:14:05","guid":{"rendered":"https:\/\/linitiative.ca\/International\/international-aubameyang-joueur-le-plus-prolifique-de-premier-league\/"},"modified":"2019-12-30T15:14:05","modified_gmt":"2019-12-30T20:14:05","slug":"international-aubameyang-joueur-le-plus-prolifique-de-premier-league","status":"publish","type":"post","link":"https:\/\/linitiative.ca\/International\/international-aubameyang-joueur-le-plus-prolifique-de-premier-league\/","title":{"rendered":"International : Aubameyang, joueur le plus prolifique de Premier League"},"content":{"rendered":"<div readability=\"32\">\n<p>Auteur : <span class=\"time\">lundi 30 d\u00e9cembre 2019 15:15<\/span><\/p>\n<\/div>\n<div id=\"post_core\" readability=\"40\">\n<p>Un but qui n&rsquo;a pas suffi aux Gunners pour \u00e9viter la d\u00e9faite (1-2). L&rsquo;ancien joueur de Dortmund a marqu\u00e9 son 45e but depuis son arriv\u00e9e en 2018, ce qui fait de lui le meilleur buteur de la comp\u00e9tition sur la p\u00e9riode. Il devance le duo\u00a0Jamie Vardy et Mohamed Salah (44). Aubameyang, qui vient de marquer son deuxi\u00e8me but depuis l&rsquo;arriv\u00e9e de Mikel Arteta, compte d\u00e9sormais 15 buts toutes comp\u00e9titions confondues cette saison. Source : Orangefootballclub.<\/p>\n<p><strong>Publi\u00e9 dans :<\/strong> <span>Arsenal<\/span> <span>Aubameyang<\/span><\/p>\n<\/div>\n<p>Auteur:<br \/>\n<a href=\"http:\/\/www.lebuteur.com\/article\/detail?titre=aubameyang-joueur-le-plus-prolifique-de-premier-league&#038;id=93887&#038;utm_source=feedburner&#038;utm_medium=feed&#038;utm_campaign=Feed%3A+GalerieFArtciles+%28Les+derniers+articles++-+lebuteur.com%29\">Cliquez ici pour lire l&rsquo;article depuis sa source.<\/a><\/p>\n","protected":false},"excerpt":{"rendered":"<p>Auteur : lundi 30 d\u00e9cembre 2019 15:15 Un but qui n&rsquo;a pas suffi aux Gunners pour \u00e9viter la d\u00e9faite (1-2). L&rsquo;ancien joueur de Dortmund a marqu\u00e9 son 45e but depuis son arriv\u00e9e en 2018, ce qui fait de lui le meilleur buteur de la comp\u00e9tition sur la p\u00e9riode. Il devance le duo\u00a0Jamie Vardy et Mohamed [&hellip;]<\/p>\n","protected":false},"author":1738,"featured_media":71689,"comment_status":"closed","ping_status":"closed","sticky":false,"template":"","format":"standard","meta":{"fifu_image_url":"","fifu_image_alt":"","footnotes":""},"categories":[53,75],"tags":[],"class_list":["post-71688","post","type-post","status-publish","format-standard","has-post-thumbnail","hentry","category-algerie","category-sport"],"_links":{"self":[{"href":"https:\/\/linitiative.ca\/International\/wp-json\/wp\/v2\/posts\/71688","targetHints":{"allow":["GET"]}}],"collection":[{"href":"https:\/\/linitiative.ca\/International\/wp-json\/wp\/v2\/posts"}],"about":[{"href":"https:\/\/linitiative.ca\/International\/wp-json\/wp\/v2\/types\/post"}],"author":[{"embeddable":true,"href":"https:\/\/linitiative.ca\/International\/wp-json\/wp\/v2\/users\/1738"}],"replies":[{"embeddable":true,"href":"https:\/\/linitiative.ca\/International\/wp-json\/wp\/v2\/comments?post=71688"}],"version-history":[{"count":0,"href":"https:\/\/linitiative.ca\/International\/wp-json\/wp\/v2\/posts\/71688\/revisions"}],"wp:featuredmedia":[{"embeddable":true,"href":"https:\/\/linitiative.ca\/International\/wp-json\/"}],"wp:attachment":[{"href":"https:\/\/linitiative.ca\/International\/wp-json\/wp\/v2\/media?parent=71688"}],"wp:term":[{"taxonomy":"category","embeddable":true,"href":"https:\/\/linitiative.ca\/International\/wp-json\/wp\/v2\/categories?post=71688"},{"taxonomy":"post_tag","embeddable":true,"href":"https:\/\/linitiative.ca\/International\/wp-json\/wp\/v2\/tags?post=71688"}],"curies":[{"name":"wp","href":"https:\/\/api.w.org\/{rel}","templated":true}]}}