{"id":71690,"date":"2019-12-30T15:14:07","date_gmt":"2019-12-30T20:14:07","guid":{"rendered":"https:\/\/linitiative.ca\/International\/international-klopp-snobe-mahrez-pour-le-titre-de-joueur-africain-de-lannee\/"},"modified":"2019-12-30T15:14:07","modified_gmt":"2019-12-30T20:14:07","slug":"international-klopp-snobe-mahrez-pour-le-titre-de-joueur-africain-de-lannee","status":"publish","type":"post","link":"https:\/\/linitiative.ca\/International\/international-klopp-snobe-mahrez-pour-le-titre-de-joueur-africain-de-lannee\/","title":{"rendered":"International : Klopp snobe Mahrez pour le titre de joueur africain de l&rsquo;ann\u00e9e"},"content":{"rendered":"<div readability=\"32\">\n<p>Auteur : <span class=\"time\">lundi 30 d\u00e9cembre 2019 15:36<\/span><\/p>\n<\/div>\n<div id=\"post_core\" readability=\"49\">\n<p>Alors que le S\u00e9n\u00e9galais et l&rsquo;\u00c9gyptien sont en lice avec Riyad Mahrez pour le titre de joueur africain de l&rsquo;ann\u00e9e, leur entra\u00eeneur \u00e0 Liverpool estime que les deux joueurs m\u00e9riteraient de remporter le troph\u00e9e :<\/p>\n<p>\u00ab\u00a0J&rsquo;aime Sadio Man\u00e9 et Mohamed Salah. Le joueur africain de l&rsquo;ann\u00e9e ? Pour moi, ce serait facile, il y aurait les deux premi\u00e8res places, c&rsquo;est aussi facile que \u00e7a. J&rsquo;ai re\u00e7u un autre prix cette semaine (celui de meilleur entra\u00eeneur de l&rsquo;ann\u00e9e, lors des Globe Soccer Awards, une c\u00e9r\u00e9monie organis\u00e9e par l&rsquo;Association europ\u00e9enne des agents de joueurs et l&rsquo;Association europ\u00e9enne des clubs.) Donc pour quelqu&rsquo;un qui ne croit pas aux prix individuels, surtout pour les entra\u00eeneurs, j&rsquo;ai re\u00e7u beaucoup de prix cette ann\u00e9e (il avait aussi \u00e9t\u00e9 d\u00e9sign\u00e9 meilleur entra\u00eeneur de l&rsquo;ann\u00e9e par la FIFA, fin septembre). Ce sont tous les deux des joueurs incroyables. Je ne sais pas ce qui sera d\u00e9cid\u00e9, mais quelqu&rsquo;un le fera et ils m\u00e9riteraient tous les deux de l&#8217;emporter.\u00a0\u00bb Des propos relay\u00e9s par L&rsquo;Equipe.<\/p>\n<p><strong>Publi\u00e9 dans :<\/strong> <span>Klopp<\/span><\/p>\n<\/div>\n<p>Auteur:<br \/>\n<a href=\"http:\/\/www.lebuteur.com\/article\/detail?titre=klopp-snobe-mahrez-pour-le-titre-de-joueur-africain-de-lannee&#038;id=93888&#038;utm_source=feedburner&#038;utm_medium=feed&#038;utm_campaign=Feed%3A+GalerieFArtciles+%28Les+derniers+articles++-+lebuteur.com%29\">Cliquez ici pour lire l&rsquo;article depuis sa source.<\/a><\/p>\n","protected":false},"excerpt":{"rendered":"<p>Auteur : lundi 30 d\u00e9cembre 2019 15:36 Alors que le S\u00e9n\u00e9galais et l&rsquo;\u00c9gyptien sont en lice avec Riyad Mahrez pour le titre de joueur africain de l&rsquo;ann\u00e9e, leur entra\u00eeneur \u00e0 Liverpool estime que les deux joueurs m\u00e9riteraient de remporter le troph\u00e9e : \u00ab\u00a0J&rsquo;aime Sadio Man\u00e9 et Mohamed Salah. Le joueur africain de l&rsquo;ann\u00e9e ? Pour [&hellip;]<\/p>\n","protected":false},"author":1738,"featured_media":71691,"comment_status":"closed","ping_status":"closed","sticky":false,"template":"","format":"standard","meta":{"fifu_image_url":"","fifu_image_alt":"","footnotes":""},"categories":[53,75],"tags":[],"class_list":["post-71690","post","type-post","status-publish","format-standard","has-post-thumbnail","hentry","category-algerie","category-sport"],"_links":{"self":[{"href":"https:\/\/linitiative.ca\/International\/wp-json\/wp\/v2\/posts\/71690","targetHints":{"allow":["GET"]}}],"collection":[{"href":"https:\/\/linitiative.ca\/International\/wp-json\/wp\/v2\/posts"}],"about":[{"href":"https:\/\/linitiative.ca\/International\/wp-json\/wp\/v2\/types\/post"}],"author":[{"embeddable":true,"href":"https:\/\/linitiative.ca\/International\/wp-json\/wp\/v2\/users\/1738"}],"replies":[{"embeddable":true,"href":"https:\/\/linitiative.ca\/International\/wp-json\/wp\/v2\/comments?post=71690"}],"version-history":[{"count":0,"href":"https:\/\/linitiative.ca\/International\/wp-json\/wp\/v2\/posts\/71690\/revisions"}],"wp:featuredmedia":[{"embeddable":true,"href":"https:\/\/linitiative.ca\/International\/wp-json\/"}],"wp:attachment":[{"href":"https:\/\/linitiative.ca\/International\/wp-json\/wp\/v2\/media?parent=71690"}],"wp:term":[{"taxonomy":"category","embeddable":true,"href":"https:\/\/linitiative.ca\/International\/wp-json\/wp\/v2\/categories?post=71690"},{"taxonomy":"post_tag","embeddable":true,"href":"https:\/\/linitiative.ca\/International\/wp-json\/wp\/v2\/tags?post=71690"}],"curies":[{"name":"wp","href":"https:\/\/api.w.org\/{rel}","templated":true}]}}