{"id":71696,"date":"2019-12-30T15:19:00","date_gmt":"2019-12-30T20:19:00","guid":{"rendered":"https:\/\/linitiative.ca\/International\/reunion-du-bureau-de-lapn-examen-des-questions-orales-et-ecrites\/"},"modified":"2019-12-30T15:19:00","modified_gmt":"2019-12-30T20:19:00","slug":"reunion-du-bureau-de-lapn-examen-des-questions-orales-et-ecrites","status":"publish","type":"post","link":"https:\/\/linitiative.ca\/International\/reunion-du-bureau-de-lapn-examen-des-questions-orales-et-ecrites\/","title":{"rendered":"R\u00e9union du bureau de l&rsquo;APN  : Examen des questions orales et \u00e9crites"},"content":{"rendered":"<p>Le bureau de l&rsquo;Assembl\u00e9e populaire nationale\u00a0 (APN) s&rsquo;est r\u00e9uni, hier sous la pr\u00e9sidence de Slimane Chenine, pour\u00a0 examiner les questions orales et \u00e9crites d\u00e9pos\u00e9es \u00e0 son niveau, a indiqu\u00e9 un communiqu\u00e9 de la chambre basse du Parlement. A l&rsquo;entame des travaux, les membres du bureau ont r\u00e9cit\u00e9 la \u00ab\u00a0Fatiha\u00a0\u00bb \u00e0 la\u00a0 m\u00e9moire du d\u00e9funt g\u00e9n\u00e9ral de corps d&rsquo;Arm\u00e9e Ahmed Ga\u00efd Salah, a pr\u00e9cis\u00e9 la m\u00eame source. A cette occasion, le bureau a adress\u00e9 ses f\u00e9licitations au pr\u00e9sident de la R\u00e9publique, Abdelmadjid Tebboune, pour la confiance que le peuple alg\u00e9rien a plac\u00e9e en sa personne, exprimant sa disposition \u00e0 coop\u00e9rer pour r\u00e9aliser les ambitions et aspirations du peuple alg\u00e9rien. Apr\u00e8s avoir abord\u00e9 l&rsquo;ordre du jour, le bureau de l&rsquo;APN, qui a annonc\u00e9 la vacance du si\u00e8ge d&rsquo;un d\u00e9put\u00e9, a examin\u00e9 les questions orales et \u00e9crites d\u00e9pos\u00e9es \u00e0 son niveau et d\u00e9cid\u00e9 de les transmettre au gouvernement, car remplissant toutes les conditions juridiques requises. Le bureau a \u00e9galement examin\u00e9 une demande \u00e9manant de la Commission de la\u00a0 sant\u00e9, des affaires sociales, du travail et de la formation professionnelle pour l&rsquo;organisation de visites sur\u00a0 terrain et des journ\u00e9es d&rsquo;\u00e9tudes, outre l&rsquo;examen de questions d&rsquo;ordre administratif.<br \/>\u00a0<\/p>\n<p>Auteur: elmoudjahid<br \/>\n<a href=\"http:\/\/www.elmoudjahid.com\/fr\/actualites\/146501\">Cliquez ici pour lire l&rsquo;article depuis sa source.<\/a><\/p>\n","protected":false},"excerpt":{"rendered":"<p>Le bureau de l&rsquo;Assembl\u00e9e populaire nationale\u00a0 (APN) s&rsquo;est r\u00e9uni, hier sous la pr\u00e9sidence de Slimane Chenine, pour\u00a0 examiner les questions orales et \u00e9crites d\u00e9pos\u00e9es \u00e0 son niveau, a indiqu\u00e9 un communiqu\u00e9 de la chambre basse du Parlement. A l&rsquo;entame des travaux, les membres du bureau ont r\u00e9cit\u00e9 la \u00ab\u00a0Fatiha\u00a0\u00bb \u00e0 la\u00a0 m\u00e9moire du d\u00e9funt g\u00e9n\u00e9ral [&hellip;]<\/p>\n","protected":false},"author":1744,"featured_media":0,"comment_status":"closed","ping_status":"closed","sticky":false,"template":"","format":"standard","meta":{"fifu_image_url":"","fifu_image_alt":"","footnotes":""},"categories":[73,53],"tags":[],"class_list":["post-71696","post","type-post","status-publish","format-standard","hentry","category-actualite","category-algerie"],"_links":{"self":[{"href":"https:\/\/linitiative.ca\/International\/wp-json\/wp\/v2\/posts\/71696","targetHints":{"allow":["GET"]}}],"collection":[{"href":"https:\/\/linitiative.ca\/International\/wp-json\/wp\/v2\/posts"}],"about":[{"href":"https:\/\/linitiative.ca\/International\/wp-json\/wp\/v2\/types\/post"}],"author":[{"embeddable":true,"href":"https:\/\/linitiative.ca\/International\/wp-json\/wp\/v2\/users\/1744"}],"replies":[{"embeddable":true,"href":"https:\/\/linitiative.ca\/International\/wp-json\/wp\/v2\/comments?post=71696"}],"version-history":[{"count":0,"href":"https:\/\/linitiative.ca\/International\/wp-json\/wp\/v2\/posts\/71696\/revisions"}],"wp:attachment":[{"href":"https:\/\/linitiative.ca\/International\/wp-json\/wp\/v2\/media?parent=71696"}],"wp:term":[{"taxonomy":"category","embeddable":true,"href":"https:\/\/linitiative.ca\/International\/wp-json\/wp\/v2\/categories?post=71696"},{"taxonomy":"post_tag","embeddable":true,"href":"https:\/\/linitiative.ca\/International\/wp-json\/wp\/v2\/tags?post=71696"}],"curies":[{"name":"wp","href":"https:\/\/api.w.org\/{rel}","templated":true}]}}